{"id":9911,"date":"2025-10-30T08:35:13","date_gmt":"2025-10-30T07:35:13","guid":{"rendered":"https:\/\/www.colours.cz\/novinky\/colours-lorde-katerina-marie-ticha-paris-paloma\/"},"modified":"2025-10-30T08:56:13","modified_gmt":"2025-10-30T07:56:13","slug":"colours-lorde-katerina-marie-ticha-paris-paloma","status":"publish","type":"post","link":"https:\/\/www.colours.cz\/en\/novinky\/colours-lorde-katerina-marie-ticha-paris-paloma\/","title":{"rendered":"QUEENS AND PRINCESSES OF COLOURS OF OSTRAVA: LORDE, KATE\u0158INA MARIE TICH\u00c1 AND PARIS PALOMA"},"content":{"rendered":"\n<p>For the first time, Czech audiences will see New Zealand&#8217;s queen of alternative pop, Lorde, winner of two Grammy Awards and author of the global hit Royals. At Colours, she will also present her latest album, Virgin, which attracted enormous interest during her European tour.<\/p>\n\n\n\n<p>We are also delighted to welcome Kate\u0159ina Marie Tich\u00e1 &amp; Bandjeez, recent winners of the And\u011bl Award for their album Plamen, one of the most played Czech recordings of the year.<\/p>\n\n\n\n<p>Another star is British singer-songwriter Paris Paloma, who rose to fame with her viral hit Labour. At Colours, she will present new songs from her successful debut album Cacophony and her current single Good Boy.<\/p>\n\n\n\n<p>The festival will also feature BENNETT, author of the viral hit Vois sur ton chemin, which has taken dance floors across Europe by storm.<\/p>\n\n\n\n<p>From the queer scene, we welcome the talented Harry Strange, who is currently working on his debut album.<\/p>\n\n\n\n<p>The domestic scene will be reinforced this year by Tata Bojs, who are preparing a new album, and Sofian Medjmedj, who, after last year&#8217;s secret performance, will get a full slot on one of the main stages.<br><\/p>\n\n\n\n<figure class=\"wp-block-gallery has-nested-images columns-default is-cropped wp-block-gallery-1 is-layout-flex wp-block-gallery-is-layout-flex\">\n<figure class=\"wp-block-image size-large is-style-default\"><img decoding=\"async\" data-id=\"9878\" src=\"https:\/\/www.colours.cz\/wp-content\/uploads\/2025\/10\/Lorde-Press-shot-1-Thistle-Brown-e1761770938785.jpg\" alt=\"QUEENS AND PRINCESSES OF COLOURS OF OSTRAVA: LORDE, KATE\u0158INA MARIE TICH\u00c1 AND PARIS PALOMA - Colours of Ostrava\" class=\"wp-image-9878\"\/><\/figure>\n\n\n\n<figure class=\"wp-block-image size-large\"><img loading=\"lazy\" decoding=\"async\" width=\"1024\" height=\"678\" data-id=\"9883\" src=\"https:\/\/www.colours.cz\/wp-content\/uploads\/2025\/10\/PARIS_GB_3_Credit_PhoebeFox-1024x678.jpg\" alt=\"QUEENS AND PRINCESSES OF COLOURS OF OSTRAVA: LORDE, KATE\u0158INA MARIE TICH\u00c1 AND PARIS PALOMA - Colours of Ostrava\" class=\"wp-image-9883\" srcset=\"https:\/\/www.colours.cz\/wp-content\/uploads\/2025\/10\/PARIS_GB_3_Credit_PhoebeFox-1024x678.jpg 1024w, https:\/\/www.colours.cz\/wp-content\/uploads\/2025\/10\/PARIS_GB_3_Credit_PhoebeFox-300x199.jpg 300w, https:\/\/www.colours.cz\/wp-content\/uploads\/2025\/10\/PARIS_GB_3_Credit_PhoebeFox-768x509.jpg 768w, https:\/\/www.colours.cz\/wp-content\/uploads\/2025\/10\/PARIS_GB_3_Credit_PhoebeFox-1536x1018.jpg 1536w, https:\/\/www.colours.cz\/wp-content\/uploads\/2025\/10\/PARIS_GB_3_Credit_PhoebeFox-2048x1357.jpg 2048w\" sizes=\"auto, (max-width: 1024px) 100vw, 1024px\" \/><\/figure>\n<\/figure>\n\n\n\n<figure class=\"wp-block-gallery has-nested-images columns-default is-cropped wp-block-gallery-2 is-layout-flex wp-block-gallery-is-layout-flex\">\n<figure class=\"wp-block-image size-large\"><img loading=\"lazy\" decoding=\"async\" width=\"1024\" height=\"639\" data-id=\"9904\" src=\"https:\/\/www.colours.cz\/wp-content\/uploads\/2025\/10\/R1-06784-004A-1024x639.jpg\" alt=\"QUEENS AND PRINCESSES OF COLOURS OF OSTRAVA: LORDE, KATE\u0158INA MARIE TICH\u00c1 AND PARIS PALOMA - Colours of Ostrava\" class=\"wp-image-9904\" srcset=\"https:\/\/www.colours.cz\/wp-content\/uploads\/2025\/10\/R1-06784-004A-1024x639.jpg 1024w, https:\/\/www.colours.cz\/wp-content\/uploads\/2025\/10\/R1-06784-004A-300x187.jpg 300w, https:\/\/www.colours.cz\/wp-content\/uploads\/2025\/10\/R1-06784-004A-768x479.jpg 768w, https:\/\/www.colours.cz\/wp-content\/uploads\/2025\/10\/R1-06784-004A-1536x959.jpg 1536w, https:\/\/www.colours.cz\/wp-content\/uploads\/2025\/10\/R1-06784-004A-2048x1278.jpg 2048w\" sizes=\"auto, (max-width: 1024px) 100vw, 1024px\" \/><\/figure>\n\n\n\n<figure class=\"wp-block-image size-large\"><img decoding=\"async\" data-id=\"9893\" src=\"https:\/\/www.colours.cz\/wp-content\/uploads\/2025\/10\/BENNETT-Press-1-scaled-e1761758185310.jpg\" alt=\"QUEENS AND PRINCESSES OF COLOURS OF OSTRAVA: LORDE, KATE\u0158INA MARIE TICH\u00c1 AND PARIS PALOMA - Colours of Ostrava\" class=\"wp-image-9893\"\/><\/figure>\n<\/figure>\n\n\n<div class=\"\">\n  <a class=\"btn u-posr u-cursor-pointer u-border-none u-z-index-1 d-inline-flex gap-1 align-items-center justify-content-center flex-nowrap flex-shrink-0 user-select-none text-decoration-none text-uppercase --primary\" href='https:\/\/www.colours.cz\/?vivenuopen=681e321e145e5646cc5486ca'>\n      <span class=\"btn__title text-center\">\n      BUY TICKETS\n    <\/span>\n  \n  <\/a>\n\n<\/div>\n","protected":false},"excerpt":{"rendered":"<p>We are expanding the Colours of Ostrava 2026 program with seven more names! This time, we are bringing a strong dose of female energy and international premieres.<\/p>\n","protected":false},"author":13,"featured_media":9879,"comment_status":"closed","ping_status":"closed","sticky":false,"template":"","format":"standard","meta":{"footnotes":""},"categories":[148],"tags":[],"class_list":["post-9911","post","type-post","status-publish","format-standard","has-post-thumbnail","hentry","category-artists"],"yoast_head":"<!-- This site is optimized with the Yoast SEO plugin v25.3.1 - https:\/\/yoast.com\/wordpress\/plugins\/seo\/ -->\n<title>QUEENS AND PRINCESSES OF COLOURS OF OSTRAVA: LORDE, KATE\u0158INA MARIE TICH\u00c1 AND PARIS PALOMA - Colours of Ostrava<\/title>\n<meta name=\"description\" content=\"Roz\u0161i\u0159ujeme program Colours of Ostrava 2026 o dal\u0161\u00edch sedm jmen! Tentokr\u00e1t p\u0159in\u00e1\u0161\u00edme silnou d\u00e1vku \u017eensk\u00e9 energie i mezin\u00e1rodn\u00edch premi\u00e9r.\" \/>\n<meta name=\"robots\" content=\"index, follow, max-snippet:-1, max-image-preview:large, max-video-preview:-1\" \/>\n<link rel=\"canonical\" href=\"https:\/\/www.colours.cz\/en\/novinky\/colours-lorde-katerina-marie-ticha-paris-paloma\/\" \/>\n<meta property=\"og:locale\" content=\"en_US\" \/>\n<meta property=\"og:type\" content=\"article\" \/>\n<meta property=\"og:title\" content=\"QUEENS AND PRINCESSES OF COLOURS OF OSTRAVA: LORDE, KATE\u0158INA MARIE TICH\u00c1 AND PARIS PALOMA - Colours of Ostrava\" \/>\n<meta property=\"og:description\" content=\"Roz\u0161i\u0159ujeme program Colours of Ostrava 2026 o dal\u0161\u00edch sedm jmen! Tentokr\u00e1t p\u0159in\u00e1\u0161\u00edme silnou d\u00e1vku \u017eensk\u00e9 energie i mezin\u00e1rodn\u00edch premi\u00e9r.\" \/>\n<meta property=\"og:url\" content=\"https:\/\/www.colours.cz\/en\/novinky\/colours-lorde-katerina-marie-ticha-paris-paloma\/\" \/>\n<meta property=\"og:site_name\" content=\"Colours of Ostrava\" \/>\n<meta property=\"article:published_time\" content=\"2025-10-30T07:35:13+00:00\" \/>\n<meta property=\"article:modified_time\" content=\"2025-10-30T07:56:13+00:00\" \/>\n<meta property=\"og:image\" content=\"https:\/\/www.colours.cz\/wp-content\/uploads\/2025\/10\/Lorde-Press-shot-1-Thistle-Brown-676x1024.jpg\" \/>\n\t<meta property=\"og:image:width\" content=\"676\" \/>\n\t<meta property=\"og:image:height\" content=\"1024\" \/>\n\t<meta property=\"og:image:type\" content=\"image\/jpeg\" \/>\n<meta name=\"author\" content=\"Martina Vachalov\u00e1\" \/>\n<meta name=\"twitter:card\" content=\"summary_large_image\" \/>\n<meta name=\"twitter:label1\" content=\"Written by\" \/>\n\t<meta name=\"twitter:data1\" content=\"Martina Vachalov\u00e1\" \/>\n\t<meta name=\"twitter:label2\" content=\"Est. reading time\" \/>\n\t<meta name=\"twitter:data2\" content=\"3 minutes\" \/>\n<!-- \/ Yoast SEO plugin. -->","yoast_head_json":{"title":"QUEENS AND PRINCESSES OF COLOURS OF OSTRAVA: LORDE, KATE\u0158INA MARIE TICH\u00c1 AND PARIS PALOMA - Colours of Ostrava","description":"Roz\u0161i\u0159ujeme program Colours of Ostrava 2026 o dal\u0161\u00edch sedm jmen! Tentokr\u00e1t p\u0159in\u00e1\u0161\u00edme silnou d\u00e1vku \u017eensk\u00e9 energie i mezin\u00e1rodn\u00edch premi\u00e9r.","robots":{"index":"index","follow":"follow","max-snippet":"max-snippet:-1","max-image-preview":"max-image-preview:large","max-video-preview":"max-video-preview:-1"},"canonical":"https:\/\/www.colours.cz\/en\/novinky\/colours-lorde-katerina-marie-ticha-paris-paloma\/","og_locale":"en_US","og_type":"article","og_title":"QUEENS AND PRINCESSES OF COLOURS OF OSTRAVA: LORDE, KATE\u0158INA MARIE TICH\u00c1 AND PARIS PALOMA - Colours of Ostrava","og_description":"Roz\u0161i\u0159ujeme program Colours of Ostrava 2026 o dal\u0161\u00edch sedm jmen! Tentokr\u00e1t p\u0159in\u00e1\u0161\u00edme silnou d\u00e1vku \u017eensk\u00e9 energie i mezin\u00e1rodn\u00edch premi\u00e9r.","og_url":"https:\/\/www.colours.cz\/en\/novinky\/colours-lorde-katerina-marie-ticha-paris-paloma\/","og_site_name":"Colours of Ostrava","article_published_time":"2025-10-30T07:35:13+00:00","article_modified_time":"2025-10-30T07:56:13+00:00","og_image":[{"width":676,"height":1024,"url":"https:\/\/www.colours.cz\/wp-content\/uploads\/2025\/10\/Lorde-Press-shot-1-Thistle-Brown-676x1024.jpg","type":"image\/jpeg"}],"author":"Martina Vachalov\u00e1","twitter_card":"summary_large_image","twitter_misc":{"Written by":"Martina Vachalov\u00e1","Est. reading time":"3 minutes"},"schema":{"@context":"https:\/\/schema.org","@graph":[{"@type":"WebPage","@id":"https:\/\/www.colours.cz\/en\/novinky\/colours-lorde-katerina-marie-ticha-paris-paloma\/","url":"https:\/\/www.colours.cz\/en\/novinky\/colours-lorde-katerina-marie-ticha-paris-paloma\/","name":"QUEENS AND PRINCESSES OF COLOURS OF OSTRAVA: LORDE, KATE\u0158INA MARIE TICH\u00c1 AND PARIS PALOMA - Colours of Ostrava","isPartOf":{"@id":"https:\/\/www.colours.cz\/en\/#website"},"primaryImageOfPage":{"@id":"https:\/\/www.colours.cz\/en\/novinky\/colours-lorde-katerina-marie-ticha-paris-paloma\/#primaryimage"},"image":{"@id":"https:\/\/www.colours.cz\/en\/novinky\/colours-lorde-katerina-marie-ticha-paris-paloma\/#primaryimage"},"thumbnailUrl":"https:\/\/www.colours.cz\/wp-content\/uploads\/2025\/10\/Lorde-Press-shot-1-Thistle-Brown-e1761812324458.jpg","datePublished":"2025-10-30T07:35:13+00:00","dateModified":"2025-10-30T07:56:13+00:00","author":{"@id":"https:\/\/www.colours.cz\/en\/#\/schema\/person\/d21c0b83254936b5a12f03c565bda477"},"description":"Roz\u0161i\u0159ujeme program Colours of Ostrava 2026 o dal\u0161\u00edch sedm jmen! Tentokr\u00e1t p\u0159in\u00e1\u0161\u00edme silnou d\u00e1vku \u017eensk\u00e9 energie i mezin\u00e1rodn\u00edch premi\u00e9r.","breadcrumb":{"@id":"https:\/\/www.colours.cz\/en\/novinky\/colours-lorde-katerina-marie-ticha-paris-paloma\/#breadcrumb"},"inLanguage":"en-US","potentialAction":[{"@type":"ReadAction","target":["https:\/\/www.colours.cz\/en\/novinky\/colours-lorde-katerina-marie-ticha-paris-paloma\/"]}]},{"@type":"ImageObject","inLanguage":"en-US","@id":"https:\/\/www.colours.cz\/en\/novinky\/colours-lorde-katerina-marie-ticha-paris-paloma\/#primaryimage","url":"https:\/\/www.colours.cz\/wp-content\/uploads\/2025\/10\/Lorde-Press-shot-1-Thistle-Brown-e1761812324458.jpg","contentUrl":"https:\/\/www.colours.cz\/wp-content\/uploads\/2025\/10\/Lorde-Press-shot-1-Thistle-Brown-e1761812324458.jpg","width":1650,"height":2499,"caption":"Lorde"},{"@type":"BreadcrumbList","@id":"https:\/\/www.colours.cz\/en\/novinky\/colours-lorde-katerina-marie-ticha-paris-paloma\/#breadcrumb","itemListElement":[{"@type":"ListItem","position":1,"name":"Dom\u016f","item":"https:\/\/www.colours.cz\/en\/"},{"@type":"ListItem","position":2,"name":"QUEENS AND PRINCESSES OF COLOURS OF OSTRAVA: LORDE, KATE\u0158INA MARIE TICH\u00c1 AND PARIS PALOMA"}]},{"@type":"WebSite","@id":"https:\/\/www.colours.cz\/en\/#website","url":"https:\/\/www.colours.cz\/en\/","name":"Colours of Ostrava","description":"","potentialAction":[{"@type":"SearchAction","target":{"@type":"EntryPoint","urlTemplate":"https:\/\/www.colours.cz\/en\/?s={search_term_string}"},"query-input":{"@type":"PropertyValueSpecification","valueRequired":true,"valueName":"search_term_string"}}],"inLanguage":"en-US"},{"@type":"Person","@id":"https:\/\/www.colours.cz\/en\/#\/schema\/person\/d21c0b83254936b5a12f03c565bda477","name":"Martina Vachalov\u00e1","image":{"@type":"ImageObject","inLanguage":"en-US","@id":"https:\/\/www.colours.cz\/en\/#\/schema\/person\/image\/","url":"https:\/\/secure.gravatar.com\/avatar\/6507cbef5f4c351dd0cb66d67ac04a24cb77b5e61c5642bcc2416afa335093e0?s=96&d=mm&r=g","contentUrl":"https:\/\/secure.gravatar.com\/avatar\/6507cbef5f4c351dd0cb66d67ac04a24cb77b5e61c5642bcc2416afa335093e0?s=96&d=mm&r=g","caption":"Martina Vachalov\u00e1"}}]}},"_links":{"self":[{"href":"https:\/\/www.colours.cz\/en\/wp-json\/wp\/v2\/posts\/9911","targetHints":{"allow":["GET"]}}],"collection":[{"href":"https:\/\/www.colours.cz\/en\/wp-json\/wp\/v2\/posts"}],"about":[{"href":"https:\/\/www.colours.cz\/en\/wp-json\/wp\/v2\/types\/post"}],"author":[{"embeddable":true,"href":"https:\/\/www.colours.cz\/en\/wp-json\/wp\/v2\/users\/13"}],"replies":[{"embeddable":true,"href":"https:\/\/www.colours.cz\/en\/wp-json\/wp\/v2\/comments?post=9911"}],"version-history":[{"count":9,"href":"https:\/\/www.colours.cz\/en\/wp-json\/wp\/v2\/posts\/9911\/revisions"}],"predecessor-version":[{"id":9933,"href":"https:\/\/www.colours.cz\/en\/wp-json\/wp\/v2\/posts\/9911\/revisions\/9933"}],"wp:featuredmedia":[{"embeddable":true,"href":"https:\/\/www.colours.cz\/en\/wp-json\/wp\/v2\/media\/9879"}],"wp:attachment":[{"href":"https:\/\/www.colours.cz\/en\/wp-json\/wp\/v2\/media?parent=9911"}],"wp:term":[{"taxonomy":"category","embeddable":true,"href":"https:\/\/www.colours.cz\/en\/wp-json\/wp\/v2\/categories?post=9911"},{"taxonomy":"post_tag","embeddable":true,"href":"https:\/\/www.colours.cz\/en\/wp-json\/wp\/v2\/tags?post=9911"}],"curies":[{"name":"wp","href":"https:\/\/api.w.org\/{rel}","templated":true}]}}