{"id":9782,"date":"2025-09-30T09:13:20","date_gmt":"2025-09-30T07:13:20","guid":{"rendered":"https:\/\/www.colours.cz\/novinky\/prvni-jmeno-roku-2026-twenty-one-pilots-chystaji-velkolepy-navrat-na-colours-%f0%9f%8e%89\/"},"modified":"2025-10-13T09:51:11","modified_gmt":"2025-10-13T07:51:11","slug":"prvni-jmeno-roku-2026-twenty-one-pilots-chystaji-velkolepy-navrat-na-colours-%f0%9f%8e%89","status":"publish","type":"post","link":"https:\/\/www.colours.cz\/en\/novinky\/prvni-jmeno-roku-2026-twenty-one-pilots-chystaji-velkolepy-navrat-na-colours-%f0%9f%8e%89\/","title":{"rendered":"First name of 2026: Twenty One Pilots are preparing a spectacular return to Colours of Ostrava \ud83c\udf89"},"content":{"rendered":"\n<p>The American duo consisting of singer Tyler Joseph and drummer Josh Dun returns to Colours of Ostrava after four years\u2014and straight away with their new album Breach.<\/p>\n\n\n\n<p>The world that Twenty One Pilots have created, including their storytelling style that extends beyond music to music videos, graphics, and encrypted communication, is unparalleled. Few artists are able to create such a strong community while remaining open and appealing to unbiased listeners. The approach the musicians have chosen for their presentation supports their songwriting talent and performance. We are delighted that the duo is returning to us. Moreover, at a time when they are telling the complete story from the city of Dema,&#8221; says Colours of Ostrava artistic director Filip Ko\u0161\u0165\u00e1lek, unable to hide his enthusiasm for the first confirmed name for the upcoming 23rd edition.<\/p>\n\n\n\n<p>Follow our communication channels and you will soon find out who else will be joining us \u2764\ufe0f\u200d\ud83d\udd25<\/p>\n\n\n\n<p>Don&#8217;t miss this exceptional edition of the festival, tickets are already on sale \ud83d\udd7a\ud83c\udffd<\/p>\n\n\n<div class=\"\">\n  <a class=\"btn u-posr u-cursor-pointer u-border-none u-z-index-1 d-inline-flex gap-1 align-items-center justify-content-center flex-nowrap flex-shrink-0 user-select-none text-decoration-none text-uppercase --primary\" href='https:\/\/www.colours.cz\/?vivenuopen=6814ae679fe4c308a6a699d2'>\n      <span class=\"btn__title text-center\">\n      BUY TICKETS\n    <\/span>\n  \n  <\/a>\n\n<\/div>\n\n\n\n<p><\/p>\n","protected":false},"excerpt":{"rendered":"<p>We are thrilled to finally share with you the name of the first band that will perform at Colours of Ostrava 2026. Twenty One Pilots will bring their spectacular show to the Doln\u00ed V\u00edtkovice venue \u2708\ufe0f<\/p>\n","protected":false},"author":6,"featured_media":9779,"comment_status":"closed","ping_status":"closed","sticky":false,"template":"","format":"standard","meta":{"footnotes":""},"categories":[148],"tags":[],"class_list":["post-9782","post","type-post","status-publish","format-standard","has-post-thumbnail","hentry","category-artists"],"yoast_head":"<!-- This site is optimized with the Yoast SEO plugin v25.3.1 - https:\/\/yoast.com\/wordpress\/plugins\/seo\/ -->\n<title>First name of 2026: Twenty One Pilots are preparing a spectacular return to Colours of Ostrava \ud83c\udf89 - Colours of Ostrava<\/title>\n<meta name=\"robots\" content=\"index, follow, max-snippet:-1, max-image-preview:large, max-video-preview:-1\" \/>\n<link rel=\"canonical\" href=\"https:\/\/www.colours.cz\/en\/novinky\/prvni-jmeno-roku-2026-twenty-one-pilots-chystaji-velkolepy-navrat-na-colours-%f0%9f%8e%89\/\" \/>\n<meta property=\"og:locale\" content=\"en_US\" \/>\n<meta property=\"og:type\" content=\"article\" \/>\n<meta property=\"og:title\" content=\"First name of 2026: Twenty One Pilots are preparing a spectacular return to Colours of Ostrava \ud83c\udf89 - Colours of Ostrava\" \/>\n<meta property=\"og:description\" content=\"We are thrilled to finally share with you the name of the first band that will perform at Colours of Ostrava 2026. Twenty One Pilots will bring their spectacular show to the Doln\u00ed V\u00edtkovice venue \u2708\ufe0f\" \/>\n<meta property=\"og:url\" content=\"https:\/\/www.colours.cz\/en\/novinky\/prvni-jmeno-roku-2026-twenty-one-pilots-chystaji-velkolepy-navrat-na-colours-%f0%9f%8e%89\/\" \/>\n<meta property=\"og:site_name\" content=\"Colours of Ostrava\" \/>\n<meta property=\"article:published_time\" content=\"2025-09-30T07:13:20+00:00\" \/>\n<meta property=\"article:modified_time\" content=\"2025-10-13T07:51:11+00:00\" \/>\n<meta property=\"og:image\" content=\"https:\/\/www.colours.cz\/wp-content\/uploads\/2025\/09\/Twenty-One-Pilots0239_V1-scaled.jpg\" \/>\n\t<meta property=\"og:image:width\" content=\"2560\" \/>\n\t<meta property=\"og:image:height\" content=\"1707\" \/>\n\t<meta property=\"og:image:type\" content=\"image\/jpeg\" \/>\n<meta name=\"author\" content=\"Veronika Bedn\u00e1\u0159ov\u00e1\" \/>\n<meta name=\"twitter:card\" content=\"summary_large_image\" \/>\n<meta name=\"twitter:label1\" content=\"Written by\" \/>\n\t<meta name=\"twitter:data1\" content=\"Veronika Bedn\u00e1\u0159ov\u00e1\" \/>\n\t<meta name=\"twitter:label2\" content=\"Est. reading time\" \/>\n\t<meta name=\"twitter:data2\" content=\"2 minutes\" \/>\n<!-- \/ Yoast SEO plugin. -->","yoast_head_json":{"title":"First name of 2026: Twenty One Pilots are preparing a spectacular return to Colours of Ostrava \ud83c\udf89 - Colours of Ostrava","robots":{"index":"index","follow":"follow","max-snippet":"max-snippet:-1","max-image-preview":"max-image-preview:large","max-video-preview":"max-video-preview:-1"},"canonical":"https:\/\/www.colours.cz\/en\/novinky\/prvni-jmeno-roku-2026-twenty-one-pilots-chystaji-velkolepy-navrat-na-colours-%f0%9f%8e%89\/","og_locale":"en_US","og_type":"article","og_title":"First name of 2026: Twenty One Pilots are preparing a spectacular return to Colours of Ostrava \ud83c\udf89 - Colours of Ostrava","og_description":"We are thrilled to finally share with you the name of the first band that will perform at Colours of Ostrava 2026. Twenty One Pilots will bring their spectacular show to the Doln\u00ed V\u00edtkovice venue \u2708\ufe0f","og_url":"https:\/\/www.colours.cz\/en\/novinky\/prvni-jmeno-roku-2026-twenty-one-pilots-chystaji-velkolepy-navrat-na-colours-%f0%9f%8e%89\/","og_site_name":"Colours of Ostrava","article_published_time":"2025-09-30T07:13:20+00:00","article_modified_time":"2025-10-13T07:51:11+00:00","og_image":[{"width":2560,"height":1707,"url":"https:\/\/www.colours.cz\/wp-content\/uploads\/2025\/09\/Twenty-One-Pilots0239_V1-scaled.jpg","type":"image\/jpeg"}],"author":"Veronika Bedn\u00e1\u0159ov\u00e1","twitter_card":"summary_large_image","twitter_misc":{"Written by":"Veronika Bedn\u00e1\u0159ov\u00e1","Est. reading time":"2 minutes"},"schema":{"@context":"https:\/\/schema.org","@graph":[{"@type":"WebPage","@id":"https:\/\/www.colours.cz\/en\/novinky\/prvni-jmeno-roku-2026-twenty-one-pilots-chystaji-velkolepy-navrat-na-colours-%f0%9f%8e%89\/","url":"https:\/\/www.colours.cz\/en\/novinky\/prvni-jmeno-roku-2026-twenty-one-pilots-chystaji-velkolepy-navrat-na-colours-%f0%9f%8e%89\/","name":"First name of 2026: Twenty One Pilots are preparing a spectacular return to Colours of Ostrava \ud83c\udf89 - Colours of Ostrava","isPartOf":{"@id":"https:\/\/www.colours.cz\/en\/#website"},"primaryImageOfPage":{"@id":"https:\/\/www.colours.cz\/en\/novinky\/prvni-jmeno-roku-2026-twenty-one-pilots-chystaji-velkolepy-navrat-na-colours-%f0%9f%8e%89\/#primaryimage"},"image":{"@id":"https:\/\/www.colours.cz\/en\/novinky\/prvni-jmeno-roku-2026-twenty-one-pilots-chystaji-velkolepy-navrat-na-colours-%f0%9f%8e%89\/#primaryimage"},"thumbnailUrl":"https:\/\/www.colours.cz\/wp-content\/uploads\/2025\/09\/Twenty-One-Pilots0239_V1-scaled.jpg","datePublished":"2025-09-30T07:13:20+00:00","dateModified":"2025-10-13T07:51:11+00:00","author":{"@id":"https:\/\/www.colours.cz\/en\/#\/schema\/person\/6308316900e0e57150e9b8eaf0fd20fd"},"breadcrumb":{"@id":"https:\/\/www.colours.cz\/en\/novinky\/prvni-jmeno-roku-2026-twenty-one-pilots-chystaji-velkolepy-navrat-na-colours-%f0%9f%8e%89\/#breadcrumb"},"inLanguage":"en-US","potentialAction":[{"@type":"ReadAction","target":["https:\/\/www.colours.cz\/en\/novinky\/prvni-jmeno-roku-2026-twenty-one-pilots-chystaji-velkolepy-navrat-na-colours-%f0%9f%8e%89\/"]}]},{"@type":"ImageObject","inLanguage":"en-US","@id":"https:\/\/www.colours.cz\/en\/novinky\/prvni-jmeno-roku-2026-twenty-one-pilots-chystaji-velkolepy-navrat-na-colours-%f0%9f%8e%89\/#primaryimage","url":"https:\/\/www.colours.cz\/wp-content\/uploads\/2025\/09\/Twenty-One-Pilots0239_V1-scaled.jpg","contentUrl":"https:\/\/www.colours.cz\/wp-content\/uploads\/2025\/09\/Twenty-One-Pilots0239_V1-scaled.jpg","width":2560,"height":1707},{"@type":"BreadcrumbList","@id":"https:\/\/www.colours.cz\/en\/novinky\/prvni-jmeno-roku-2026-twenty-one-pilots-chystaji-velkolepy-navrat-na-colours-%f0%9f%8e%89\/#breadcrumb","itemListElement":[{"@type":"ListItem","position":1,"name":"Dom\u016f","item":"https:\/\/www.colours.cz\/en\/"},{"@type":"ListItem","position":2,"name":"First name of 2026: Twenty One Pilots are preparing a spectacular return to Colours of Ostrava \ud83c\udf89"}]},{"@type":"WebSite","@id":"https:\/\/www.colours.cz\/en\/#website","url":"https:\/\/www.colours.cz\/en\/","name":"Colours of Ostrava","description":"","potentialAction":[{"@type":"SearchAction","target":{"@type":"EntryPoint","urlTemplate":"https:\/\/www.colours.cz\/en\/?s={search_term_string}"},"query-input":{"@type":"PropertyValueSpecification","valueRequired":true,"valueName":"search_term_string"}}],"inLanguage":"en-US"},{"@type":"Person","@id":"https:\/\/www.colours.cz\/en\/#\/schema\/person\/6308316900e0e57150e9b8eaf0fd20fd","name":"Veronika Bedn\u00e1\u0159ov\u00e1","image":{"@type":"ImageObject","inLanguage":"en-US","@id":"https:\/\/www.colours.cz\/en\/#\/schema\/person\/image\/","url":"https:\/\/secure.gravatar.com\/avatar\/b69efa3e2751c96b53c9970390d7a3b70fcaf87f2ce81be0e7a9933123ad4233?s=96&d=mm&r=g","contentUrl":"https:\/\/secure.gravatar.com\/avatar\/b69efa3e2751c96b53c9970390d7a3b70fcaf87f2ce81be0e7a9933123ad4233?s=96&d=mm&r=g","caption":"Veronika Bedn\u00e1\u0159ov\u00e1"}}]}},"_links":{"self":[{"href":"https:\/\/www.colours.cz\/en\/wp-json\/wp\/v2\/posts\/9782","targetHints":{"allow":["GET"]}}],"collection":[{"href":"https:\/\/www.colours.cz\/en\/wp-json\/wp\/v2\/posts"}],"about":[{"href":"https:\/\/www.colours.cz\/en\/wp-json\/wp\/v2\/types\/post"}],"author":[{"embeddable":true,"href":"https:\/\/www.colours.cz\/en\/wp-json\/wp\/v2\/users\/6"}],"replies":[{"embeddable":true,"href":"https:\/\/www.colours.cz\/en\/wp-json\/wp\/v2\/comments?post=9782"}],"version-history":[{"count":3,"href":"https:\/\/www.colours.cz\/en\/wp-json\/wp\/v2\/posts\/9782\/revisions"}],"predecessor-version":[{"id":9786,"href":"https:\/\/www.colours.cz\/en\/wp-json\/wp\/v2\/posts\/9782\/revisions\/9786"}],"wp:featuredmedia":[{"embeddable":true,"href":"https:\/\/www.colours.cz\/en\/wp-json\/wp\/v2\/media\/9779"}],"wp:attachment":[{"href":"https:\/\/www.colours.cz\/en\/wp-json\/wp\/v2\/media?parent=9782"}],"wp:term":[{"taxonomy":"category","embeddable":true,"href":"https:\/\/www.colours.cz\/en\/wp-json\/wp\/v2\/categories?post=9782"},{"taxonomy":"post_tag","embeddable":true,"href":"https:\/\/www.colours.cz\/en\/wp-json\/wp\/v2\/tags?post=9782"}],"curies":[{"name":"wp","href":"https:\/\/api.w.org\/{rel}","templated":true}]}}