{"id":9710,"date":"2025-09-08T07:42:47","date_gmt":"2025-09-08T05:42:47","guid":{"rendered":"https:\/\/www.colours.cz\/?p=9710"},"modified":"2025-10-23T10:16:00","modified_gmt":"2025-10-23T08:16:00","slug":"buy-tickets-with-edenred-and-up-benefits-%f0%9f%8e%9f%ef%b8%8f","status":"publish","type":"post","link":"https:\/\/www.colours.cz\/en\/novinky\/buy-tickets-with-edenred-and-up-benefits-%f0%9f%8e%9f%ef%b8%8f\/","title":{"rendered":"Buy tickets with Edenred and Up Benefits \ud83c\udf9f\ufe0f"},"content":{"rendered":"\n<p>Turn your benefits into four days full of music, great food and discovery \u2014 you can now conveniently pay for festival tickets with Edenred or Up Benefits.<\/p>\n\n\n\n<p>How to do it:<\/p>\n\n\n\n<ul class=\"wp-block-list\">\n<li>Add your ticket to the cart<\/li>\n\n\n\n<li>Proceed to checkout<\/li>\n\n\n\n<li>Select \u201cPay by card\u201d<\/li>\n\n\n\n<li>Enter your benefit card details<\/li>\n<\/ul>\n\n\n\n<p>We&#8217;re still working full steam to enable payments via Benefit Plus and Pluxee (formerly Sodexo). We&#8217;ll let you know as soon as they&#8217;re live.<\/p>\n\n\n\n<p>We can&#8217;t wait to share four unforgettable days with you! \ud83c\udf1f<\/p>\n\n\n\n<p><\/p>\n","protected":false},"excerpt":{"rendered":"<p>We have great news! You can now pay for Colours of Ostrava tickets through the Edenred and Up benefits programs.<\/p>\n","protected":false},"author":6,"featured_media":9705,"comment_status":"closed","ping_status":"closed","sticky":false,"template":"","format":"standard","meta":{"footnotes":""},"categories":[392],"tags":[],"class_list":["post-9710","post","type-post","status-publish","format-standard","has-post-thumbnail","hentry","category-tickets"],"yoast_head":"<!-- This site is optimized with the Yoast SEO plugin v25.3.1 - https:\/\/yoast.com\/wordpress\/plugins\/seo\/ -->\n<title>Buy tickets with Edenred and Up Benefits \ud83c\udf9f\ufe0f - Colours of Ostrava<\/title>\n<meta name=\"robots\" content=\"index, follow, max-snippet:-1, max-image-preview:large, max-video-preview:-1\" \/>\n<link rel=\"canonical\" href=\"https:\/\/www.colours.cz\/en\/novinky\/buy-tickets-with-edenred-and-up-benefits-%f0%9f%8e%9f%ef%b8%8f\/\" \/>\n<meta property=\"og:locale\" content=\"en_US\" \/>\n<meta property=\"og:type\" content=\"article\" \/>\n<meta property=\"og:title\" content=\"Buy tickets with Edenred and Up Benefits \ud83c\udf9f\ufe0f - Colours of Ostrava\" \/>\n<meta property=\"og:description\" content=\"We have great news! You can now pay for Colours of Ostrava tickets through the Edenred and Up benefits programs.\" \/>\n<meta property=\"og:url\" content=\"https:\/\/www.colours.cz\/en\/novinky\/buy-tickets-with-edenred-and-up-benefits-%f0%9f%8e%9f%ef%b8%8f\/\" \/>\n<meta property=\"og:site_name\" content=\"Colours of Ostrava\" \/>\n<meta property=\"article:published_time\" content=\"2025-09-08T05:42:47+00:00\" \/>\n<meta property=\"article:modified_time\" content=\"2025-10-23T08:16:00+00:00\" \/>\n<meta property=\"og:image\" content=\"https:\/\/www.colours.cz\/wp-content\/uploads\/2025\/09\/COO-2025-07-18-Areal-Colours-Logos-Photo-by-Eugene-Zhyvchik-@eugene.zhyvchik-13806-scaled.jpg\" \/>\n\t<meta property=\"og:image:width\" content=\"2560\" \/>\n\t<meta property=\"og:image:height\" content=\"1707\" \/>\n\t<meta property=\"og:image:type\" content=\"image\/jpeg\" \/>\n<meta name=\"author\" content=\"Veronika Bedn\u00e1\u0159ov\u00e1\" \/>\n<meta name=\"twitter:card\" content=\"summary_large_image\" \/>\n<meta name=\"twitter:label1\" content=\"Written by\" \/>\n\t<meta name=\"twitter:data1\" content=\"Veronika Bedn\u00e1\u0159ov\u00e1\" \/>\n\t<meta name=\"twitter:label2\" content=\"Est. reading time\" \/>\n\t<meta name=\"twitter:data2\" content=\"1 minute\" \/>\n<!-- \/ Yoast SEO plugin. -->","yoast_head_json":{"title":"Buy tickets with Edenred and Up Benefits \ud83c\udf9f\ufe0f - Colours of Ostrava","robots":{"index":"index","follow":"follow","max-snippet":"max-snippet:-1","max-image-preview":"max-image-preview:large","max-video-preview":"max-video-preview:-1"},"canonical":"https:\/\/www.colours.cz\/en\/novinky\/buy-tickets-with-edenred-and-up-benefits-%f0%9f%8e%9f%ef%b8%8f\/","og_locale":"en_US","og_type":"article","og_title":"Buy tickets with Edenred and Up Benefits \ud83c\udf9f\ufe0f - Colours of Ostrava","og_description":"We have great news! You can now pay for Colours of Ostrava tickets through the Edenred and Up benefits programs.","og_url":"https:\/\/www.colours.cz\/en\/novinky\/buy-tickets-with-edenred-and-up-benefits-%f0%9f%8e%9f%ef%b8%8f\/","og_site_name":"Colours of Ostrava","article_published_time":"2025-09-08T05:42:47+00:00","article_modified_time":"2025-10-23T08:16:00+00:00","og_image":[{"width":2560,"height":1707,"url":"https:\/\/www.colours.cz\/wp-content\/uploads\/2025\/09\/COO-2025-07-18-Areal-Colours-Logos-Photo-by-Eugene-Zhyvchik-@eugene.zhyvchik-13806-scaled.jpg","type":"image\/jpeg"}],"author":"Veronika Bedn\u00e1\u0159ov\u00e1","twitter_card":"summary_large_image","twitter_misc":{"Written by":"Veronika Bedn\u00e1\u0159ov\u00e1","Est. reading time":"1 minute"},"schema":{"@context":"https:\/\/schema.org","@graph":[{"@type":"WebPage","@id":"https:\/\/www.colours.cz\/en\/novinky\/buy-tickets-with-edenred-and-up-benefits-%f0%9f%8e%9f%ef%b8%8f\/","url":"https:\/\/www.colours.cz\/en\/novinky\/buy-tickets-with-edenred-and-up-benefits-%f0%9f%8e%9f%ef%b8%8f\/","name":"Buy tickets with Edenred and Up Benefits \ud83c\udf9f\ufe0f - Colours of Ostrava","isPartOf":{"@id":"https:\/\/www.colours.cz\/en\/#website"},"primaryImageOfPage":{"@id":"https:\/\/www.colours.cz\/en\/novinky\/buy-tickets-with-edenred-and-up-benefits-%f0%9f%8e%9f%ef%b8%8f\/#primaryimage"},"image":{"@id":"https:\/\/www.colours.cz\/en\/novinky\/buy-tickets-with-edenred-and-up-benefits-%f0%9f%8e%9f%ef%b8%8f\/#primaryimage"},"thumbnailUrl":"https:\/\/www.colours.cz\/wp-content\/uploads\/2025\/09\/COO-2025-07-18-Areal-Colours-Logos-Photo-by-Eugene-Zhyvchik-@eugene.zhyvchik-13806-scaled.jpg","datePublished":"2025-09-08T05:42:47+00:00","dateModified":"2025-10-23T08:16:00+00:00","author":{"@id":"https:\/\/www.colours.cz\/en\/#\/schema\/person\/6308316900e0e57150e9b8eaf0fd20fd"},"breadcrumb":{"@id":"https:\/\/www.colours.cz\/en\/novinky\/buy-tickets-with-edenred-and-up-benefits-%f0%9f%8e%9f%ef%b8%8f\/#breadcrumb"},"inLanguage":"en-US","potentialAction":[{"@type":"ReadAction","target":["https:\/\/www.colours.cz\/en\/novinky\/buy-tickets-with-edenred-and-up-benefits-%f0%9f%8e%9f%ef%b8%8f\/"]}]},{"@type":"ImageObject","inLanguage":"en-US","@id":"https:\/\/www.colours.cz\/en\/novinky\/buy-tickets-with-edenred-and-up-benefits-%f0%9f%8e%9f%ef%b8%8f\/#primaryimage","url":"https:\/\/www.colours.cz\/wp-content\/uploads\/2025\/09\/COO-2025-07-18-Areal-Colours-Logos-Photo-by-Eugene-Zhyvchik-@eugene.zhyvchik-13806-scaled.jpg","contentUrl":"https:\/\/www.colours.cz\/wp-content\/uploads\/2025\/09\/COO-2025-07-18-Areal-Colours-Logos-Photo-by-Eugene-Zhyvchik-@eugene.zhyvchik-13806-scaled.jpg","width":2560,"height":1707},{"@type":"BreadcrumbList","@id":"https:\/\/www.colours.cz\/en\/novinky\/buy-tickets-with-edenred-and-up-benefits-%f0%9f%8e%9f%ef%b8%8f\/#breadcrumb","itemListElement":[{"@type":"ListItem","position":1,"name":"Dom\u016f","item":"https:\/\/www.colours.cz\/en\/"},{"@type":"ListItem","position":2,"name":"Buy tickets with Edenred and Up Benefits \ud83c\udf9f\ufe0f"}]},{"@type":"WebSite","@id":"https:\/\/www.colours.cz\/en\/#website","url":"https:\/\/www.colours.cz\/en\/","name":"Colours of Ostrava","description":"","potentialAction":[{"@type":"SearchAction","target":{"@type":"EntryPoint","urlTemplate":"https:\/\/www.colours.cz\/en\/?s={search_term_string}"},"query-input":{"@type":"PropertyValueSpecification","valueRequired":true,"valueName":"search_term_string"}}],"inLanguage":"en-US"},{"@type":"Person","@id":"https:\/\/www.colours.cz\/en\/#\/schema\/person\/6308316900e0e57150e9b8eaf0fd20fd","name":"Veronika Bedn\u00e1\u0159ov\u00e1","image":{"@type":"ImageObject","inLanguage":"en-US","@id":"https:\/\/www.colours.cz\/en\/#\/schema\/person\/image\/","url":"https:\/\/secure.gravatar.com\/avatar\/b69efa3e2751c96b53c9970390d7a3b70fcaf87f2ce81be0e7a9933123ad4233?s=96&d=mm&r=g","contentUrl":"https:\/\/secure.gravatar.com\/avatar\/b69efa3e2751c96b53c9970390d7a3b70fcaf87f2ce81be0e7a9933123ad4233?s=96&d=mm&r=g","caption":"Veronika Bedn\u00e1\u0159ov\u00e1"}}]}},"_links":{"self":[{"href":"https:\/\/www.colours.cz\/en\/wp-json\/wp\/v2\/posts\/9710","targetHints":{"allow":["GET"]}}],"collection":[{"href":"https:\/\/www.colours.cz\/en\/wp-json\/wp\/v2\/posts"}],"about":[{"href":"https:\/\/www.colours.cz\/en\/wp-json\/wp\/v2\/types\/post"}],"author":[{"embeddable":true,"href":"https:\/\/www.colours.cz\/en\/wp-json\/wp\/v2\/users\/6"}],"replies":[{"embeddable":true,"href":"https:\/\/www.colours.cz\/en\/wp-json\/wp\/v2\/comments?post=9710"}],"version-history":[{"count":2,"href":"https:\/\/www.colours.cz\/en\/wp-json\/wp\/v2\/posts\/9710\/revisions"}],"predecessor-version":[{"id":9715,"href":"https:\/\/www.colours.cz\/en\/wp-json\/wp\/v2\/posts\/9710\/revisions\/9715"}],"wp:featuredmedia":[{"embeddable":true,"href":"https:\/\/www.colours.cz\/en\/wp-json\/wp\/v2\/media\/9705"}],"wp:attachment":[{"href":"https:\/\/www.colours.cz\/en\/wp-json\/wp\/v2\/media?parent=9710"}],"wp:term":[{"taxonomy":"category","embeddable":true,"href":"https:\/\/www.colours.cz\/en\/wp-json\/wp\/v2\/categories?post=9710"},{"taxonomy":"post_tag","embeddable":true,"href":"https:\/\/www.colours.cz\/en\/wp-json\/wp\/v2\/tags?post=9710"}],"curies":[{"name":"wp","href":"https:\/\/api.w.org\/{rel}","templated":true}]}}