{"id":9685,"date":"2025-08-19T14:17:37","date_gmt":"2025-08-19T12:17:37","guid":{"rendered":"https:\/\/www.colours.cz\/novinky\/roman-cerny-stinga-bych-bez-shaggyho-na-colours-nevyfotil\/"},"modified":"2025-08-25T10:49:41","modified_gmt":"2025-08-25T08:49:41","slug":"roman-cerny-i-wouldnt-have-photographed-sting-without-shaggy","status":"publish","type":"post","link":"https:\/\/www.colours.cz\/en\/novinky\/roman-cerny-i-wouldnt-have-photographed-sting-without-shaggy\/","title":{"rendered":"Roman \u010cern\u00fd: I wouldn&#8217;t have photographed Sting without Shaggy at Colours"},"content":{"rendered":"\n<p>Roman \u010cern\u00fd and his team once again headed behind the main stage this year. The preparation isn&#8217;t particularly intense, but they try to familiarize themselves with each of the potential subjects before the event, at least through their work. The task is the same every year\u2014to photograph as many artists as possible. And every year, they have to take the risk that it won&#8217;t work out. &#8220;<em>That&#8217;s the first rule: be prepared for it not to work out. Even though it often takes hours of preparation \u2013 setting up the scene, lighting, and especially waiting \u2013 over the years I&#8217;ve learned not to be disappointed. It&#8217;s a lottery,<\/em>&#8221; says photographer Roman \u010cern\u00fd, adding: &#8220;<em>For example, this year I wouldn&#8217;t have photographed <strong>Sting<\/strong> without <strong>Shaggy<\/strong>. But we sensed an opportunity, took advantage of Shaggy&#8217;s presence, and it wasn&#8217;t difficult to arrange it through Sting&#8217;s management. Their friendship is genuine, and I think you can feel that in the photos. I had exactly thirty-two seconds for those few shots<\/em>.&#8221;<\/p>\n\n\n\n<figure class=\"wp-block-image size-large\"><img loading=\"lazy\" decoding=\"async\" width=\"777\" height=\"1024\" src=\"https:\/\/www.colours.cz\/wp-content\/uploads\/2025\/08\/Cerny_D2A2726_Shaggy-and-Sting-777x1024.jpg\" alt=\"Roman \u010cern\u00fd: I wouldn't have photographed Sting without Shaggy at Colours - Colours of Ostrava\" class=\"wp-image-9644\" srcset=\"https:\/\/www.colours.cz\/wp-content\/uploads\/2025\/08\/Cerny_D2A2726_Shaggy-and-Sting-777x1024.jpg 777w, https:\/\/www.colours.cz\/wp-content\/uploads\/2025\/08\/Cerny_D2A2726_Shaggy-and-Sting-228x300.jpg 228w, https:\/\/www.colours.cz\/wp-content\/uploads\/2025\/08\/Cerny_D2A2726_Shaggy-and-Sting-768x1012.jpg 768w, https:\/\/www.colours.cz\/wp-content\/uploads\/2025\/08\/Cerny_D2A2726_Shaggy-and-Sting-1166x1536.jpg 1166w, https:\/\/www.colours.cz\/wp-content\/uploads\/2025\/08\/Cerny_D2A2726_Shaggy-and-Sting.jpg 1554w\" sizes=\"auto, (max-width: 777px) 100vw, 777px\" \/><\/figure>\n\n\n\n<p>The meeting on stage during both performances was not the only one for Sting and Shaggy, and their joint visit to Doln\u00ed V\u00edtkovice was also captured in a photograph in a small studio that Roman has set up as close as possible to the stars&#8217; backstage area. <em>&#8220;There was no other way. We have to be close by because we often only have a few dozen seconds. One chance, one right moment to approach the manager and ask him to help you with the musicians. Thanks to the great cooperation with the Colours team, we were able to photograph more than twenty performers,<\/em>&#8221; adds \u010cern\u00fd.<\/p>\n\n\n\n<p><strong>Finneas<\/strong> had his picture taken with his bandmates, and <strong>Alvaro Soler <\/strong>willingly posed. <strong>Noga Erez <\/strong>and <strong>Jana Kirschner <\/strong>also got their portraits taken. And after years, the French band <strong>Justice <\/strong>finally met the photographer\u2014since they already knew what to expect, a few clicks were enough and it was done. They even invited Romana for a drink afterwards.<\/p>\n\n\n\n<figure class=\"wp-block-gallery has-nested-images columns-default is-cropped wp-block-gallery-1 is-layout-flex wp-block-gallery-is-layout-flex\">\n<figure class=\"wp-block-image size-large\"><img loading=\"lazy\" decoding=\"async\" width=\"1024\" height=\"767\" data-id=\"9659\" src=\"https:\/\/www.colours.cz\/wp-content\/uploads\/2025\/08\/Cerny_D2A2780_Finneas-1024x767.jpg\" alt=\"Roman \u010cern\u00fd: I wouldn't have photographed Sting without Shaggy at Colours - Colours of Ostrava\" class=\"wp-image-9659\" srcset=\"https:\/\/www.colours.cz\/wp-content\/uploads\/2025\/08\/Cerny_D2A2780_Finneas-1024x767.jpg 1024w, https:\/\/www.colours.cz\/wp-content\/uploads\/2025\/08\/Cerny_D2A2780_Finneas-300x225.jpg 300w, https:\/\/www.colours.cz\/wp-content\/uploads\/2025\/08\/Cerny_D2A2780_Finneas-768x575.jpg 768w, https:\/\/www.colours.cz\/wp-content\/uploads\/2025\/08\/Cerny_D2A2780_Finneas-1536x1151.jpg 1536w, https:\/\/www.colours.cz\/wp-content\/uploads\/2025\/08\/Cerny_D2A2780_Finneas-2048x1535.jpg 2048w\" sizes=\"auto, (max-width: 1024px) 100vw, 1024px\" \/><\/figure>\n\n\n\n<figure class=\"wp-block-image size-large\"><img loading=\"lazy\" decoding=\"async\" width=\"689\" height=\"1024\" data-id=\"9650\" src=\"https:\/\/www.colours.cz\/wp-content\/uploads\/2025\/08\/Cerny_D2A2947_Alvaro-Soler-689x1024.jpg\" alt=\"Roman \u010cern\u00fd: I wouldn't have photographed Sting without Shaggy at Colours - Colours of Ostrava\" class=\"wp-image-9650\" srcset=\"https:\/\/www.colours.cz\/wp-content\/uploads\/2025\/08\/Cerny_D2A2947_Alvaro-Soler-689x1024.jpg 689w, https:\/\/www.colours.cz\/wp-content\/uploads\/2025\/08\/Cerny_D2A2947_Alvaro-Soler-202x300.jpg 202w, https:\/\/www.colours.cz\/wp-content\/uploads\/2025\/08\/Cerny_D2A2947_Alvaro-Soler-768x1141.jpg 768w, https:\/\/www.colours.cz\/wp-content\/uploads\/2025\/08\/Cerny_D2A2947_Alvaro-Soler-1034x1536.jpg 1034w, https:\/\/www.colours.cz\/wp-content\/uploads\/2025\/08\/Cerny_D2A2947_Alvaro-Soler-1379x2048.jpg 1379w, https:\/\/www.colours.cz\/wp-content\/uploads\/2025\/08\/Cerny_D2A2947_Alvaro-Soler.jpg 1683w\" sizes=\"auto, (max-width: 689px) 100vw, 689px\" \/><\/figure>\n\n\n\n<figure class=\"wp-block-image size-large\"><img loading=\"lazy\" decoding=\"async\" width=\"699\" height=\"1024\" data-id=\"9647\" src=\"https:\/\/www.colours.cz\/wp-content\/uploads\/2025\/08\/Cerny_D2A2810_Noga-Erez-699x1024.jpg\" alt=\"Roman \u010cern\u00fd: I wouldn't have photographed Sting without Shaggy at Colours - Colours of Ostrava\" class=\"wp-image-9647\" srcset=\"https:\/\/www.colours.cz\/wp-content\/uploads\/2025\/08\/Cerny_D2A2810_Noga-Erez-699x1024.jpg 699w, https:\/\/www.colours.cz\/wp-content\/uploads\/2025\/08\/Cerny_D2A2810_Noga-Erez-205x300.jpg 205w, https:\/\/www.colours.cz\/wp-content\/uploads\/2025\/08\/Cerny_D2A2810_Noga-Erez-768x1125.jpg 768w, https:\/\/www.colours.cz\/wp-content\/uploads\/2025\/08\/Cerny_D2A2810_Noga-Erez-1048x1536.jpg 1048w, https:\/\/www.colours.cz\/wp-content\/uploads\/2025\/08\/Cerny_D2A2810_Noga-Erez-1398x2048.jpg 1398w, https:\/\/www.colours.cz\/wp-content\/uploads\/2025\/08\/Cerny_D2A2810_Noga-Erez.jpg 1706w\" sizes=\"auto, (max-width: 699px) 100vw, 699px\" \/><\/figure>\n\n\n\n<figure class=\"wp-block-image size-large\"><img loading=\"lazy\" decoding=\"async\" width=\"682\" height=\"1024\" data-id=\"9656\" src=\"https:\/\/www.colours.cz\/wp-content\/uploads\/2025\/08\/Cerny_D2A3106_Jana-Kirschner-682x1024.jpg\" alt=\"Roman \u010cern\u00fd: I wouldn't have photographed Sting without Shaggy at Colours - Colours of Ostrava\" class=\"wp-image-9656\" srcset=\"https:\/\/www.colours.cz\/wp-content\/uploads\/2025\/08\/Cerny_D2A3106_Jana-Kirschner-682x1024.jpg 682w, https:\/\/www.colours.cz\/wp-content\/uploads\/2025\/08\/Cerny_D2A3106_Jana-Kirschner-200x300.jpg 200w, https:\/\/www.colours.cz\/wp-content\/uploads\/2025\/08\/Cerny_D2A3106_Jana-Kirschner-768x1153.jpg 768w, https:\/\/www.colours.cz\/wp-content\/uploads\/2025\/08\/Cerny_D2A3106_Jana-Kirschner-1023x1536.jpg 1023w, https:\/\/www.colours.cz\/wp-content\/uploads\/2025\/08\/Cerny_D2A3106_Jana-Kirschner-1364x2048.jpg 1364w, https:\/\/www.colours.cz\/wp-content\/uploads\/2025\/08\/Cerny_D2A3106_Jana-Kirschner-scaled.jpg 1705w\" sizes=\"auto, (max-width: 682px) 100vw, 682px\" \/><\/figure>\n\n\n\n<figure class=\"wp-block-image size-large\"><img loading=\"lazy\" decoding=\"async\" width=\"669\" height=\"1024\" data-id=\"9653\" src=\"https:\/\/www.colours.cz\/wp-content\/uploads\/2025\/08\/Cerny_D2A2885_Justice-669x1024.jpg\" alt=\"Roman \u010cern\u00fd: I wouldn't have photographed Sting without Shaggy at Colours - Colours of Ostrava\" class=\"wp-image-9653\" srcset=\"https:\/\/www.colours.cz\/wp-content\/uploads\/2025\/08\/Cerny_D2A2885_Justice-669x1024.jpg 669w, https:\/\/www.colours.cz\/wp-content\/uploads\/2025\/08\/Cerny_D2A2885_Justice-196x300.jpg 196w, https:\/\/www.colours.cz\/wp-content\/uploads\/2025\/08\/Cerny_D2A2885_Justice-768x1176.jpg 768w, https:\/\/www.colours.cz\/wp-content\/uploads\/2025\/08\/Cerny_D2A2885_Justice-1003x1536.jpg 1003w, https:\/\/www.colours.cz\/wp-content\/uploads\/2025\/08\/Cerny_D2A2885_Justice-1338x2048.jpg 1338w, https:\/\/www.colours.cz\/wp-content\/uploads\/2025\/08\/Cerny_D2A2885_Justice-scaled.jpg 1672w\" sizes=\"auto, (max-width: 669px) 100vw, 669px\" \/><\/figure>\n<\/figure>\n\n\n\n<p>And what about <strong>Iggy Pop<\/strong>? &#8220;<em>Fifteen years ago, it was a huge deal. It worked out thanks to my connection with The Stooges. This time, we got signals from management right from the start that we shouldn&#8217;t count on it. I&#8217;m not sorry. First of all, I&#8217;m one of the few who got to do a portrait of Iggy, and no one can take that away from me. Second, just look at his concert. He puts all his energy into his performance. That&#8217;s far more valuable than posing for one photo backstage,<\/em>&#8221; comments Roman \u010cern\u00fd on the star of the second day of this year&#8217;s festival.<\/p>\n\n\n\n<p>The album from the 22nd year naturally also features domestic performers such as <strong>Vladimir 518 <\/strong>and <strong>7kr\u00e1t3, J.A.R., Ben Cristovao, and Sofian Medjmedj with Adam Mi\u0161\u00edk<\/strong>. We also managed to photograph several Meltingpot personalities, including <strong>Mick Dawson<\/strong> and <strong>Joseph Allen<\/strong>. View the complete album below.<\/p>\n\n\n\n<figure class=\"wp-block-gallery has-nested-images columns-default is-cropped wp-block-gallery-2 is-layout-flex wp-block-gallery-is-layout-flex\">\n<figure class=\"wp-block-image size-large\"><img loading=\"lazy\" decoding=\"async\" width=\"1024\" height=\"734\" data-id=\"9671\" src=\"https:\/\/www.colours.cz\/wp-content\/uploads\/2025\/08\/Cerny_D2A2994_7x3-a-Vladimir-518-1024x734.jpg\" alt=\"Roman \u010cern\u00fd: I wouldn't have photographed Sting without Shaggy at Colours - Colours of Ostrava\" class=\"wp-image-9671\" srcset=\"https:\/\/www.colours.cz\/wp-content\/uploads\/2025\/08\/Cerny_D2A2994_7x3-a-Vladimir-518-1024x734.jpg 1024w, https:\/\/www.colours.cz\/wp-content\/uploads\/2025\/08\/Cerny_D2A2994_7x3-a-Vladimir-518-300x215.jpg 300w, https:\/\/www.colours.cz\/wp-content\/uploads\/2025\/08\/Cerny_D2A2994_7x3-a-Vladimir-518-768x550.jpg 768w, https:\/\/www.colours.cz\/wp-content\/uploads\/2025\/08\/Cerny_D2A2994_7x3-a-Vladimir-518-1536x1100.jpg 1536w, https:\/\/www.colours.cz\/wp-content\/uploads\/2025\/08\/Cerny_D2A2994_7x3-a-Vladimir-518-2048x1467.jpg 2048w\" sizes=\"auto, (max-width: 1024px) 100vw, 1024px\" \/><\/figure>\n\n\n\n<figure class=\"wp-block-image size-large\"><img loading=\"lazy\" decoding=\"async\" width=\"1024\" height=\"933\" data-id=\"9665\" src=\"https:\/\/www.colours.cz\/wp-content\/uploads\/2025\/08\/Cerny_D2A3085_JAR-1024x933.jpg\" alt=\"Roman \u010cern\u00fd: I wouldn't have photographed Sting without Shaggy at Colours - Colours of Ostrava\" class=\"wp-image-9665\" srcset=\"https:\/\/www.colours.cz\/wp-content\/uploads\/2025\/08\/Cerny_D2A3085_JAR-1024x933.jpg 1024w, https:\/\/www.colours.cz\/wp-content\/uploads\/2025\/08\/Cerny_D2A3085_JAR-300x273.jpg 300w, https:\/\/www.colours.cz\/wp-content\/uploads\/2025\/08\/Cerny_D2A3085_JAR-768x699.jpg 768w, https:\/\/www.colours.cz\/wp-content\/uploads\/2025\/08\/Cerny_D2A3085_JAR-1536x1399.jpg 1536w, https:\/\/www.colours.cz\/wp-content\/uploads\/2025\/08\/Cerny_D2A3085_JAR.jpg 2048w\" sizes=\"auto, (max-width: 1024px) 100vw, 1024px\" \/><\/figure>\n\n\n\n<figure class=\"wp-block-image size-large\"><img loading=\"lazy\" decoding=\"async\" width=\"744\" height=\"1024\" data-id=\"9677\" src=\"https:\/\/www.colours.cz\/wp-content\/uploads\/2025\/08\/Cerny_D2A2606_Ben-Cristovao-retus-744x1024.jpg\" alt=\"Roman \u010cern\u00fd: I wouldn't have photographed Sting without Shaggy at Colours - Colours of Ostrava\" class=\"wp-image-9677\" srcset=\"https:\/\/www.colours.cz\/wp-content\/uploads\/2025\/08\/Cerny_D2A2606_Ben-Cristovao-retus-744x1024.jpg 744w, https:\/\/www.colours.cz\/wp-content\/uploads\/2025\/08\/Cerny_D2A2606_Ben-Cristovao-retus-218x300.jpg 218w, https:\/\/www.colours.cz\/wp-content\/uploads\/2025\/08\/Cerny_D2A2606_Ben-Cristovao-retus-768x1057.jpg 768w, https:\/\/www.colours.cz\/wp-content\/uploads\/2025\/08\/Cerny_D2A2606_Ben-Cristovao-retus-1116x1536.jpg 1116w, https:\/\/www.colours.cz\/wp-content\/uploads\/2025\/08\/Cerny_D2A2606_Ben-Cristovao-retus-1488x2048.jpg 1488w, https:\/\/www.colours.cz\/wp-content\/uploads\/2025\/08\/Cerny_D2A2606_Ben-Cristovao-retus.jpg 1816w\" sizes=\"auto, (max-width: 744px) 100vw, 744px\" \/><\/figure>\n\n\n\n<figure class=\"wp-block-image size-large\"><img loading=\"lazy\" decoding=\"async\" width=\"739\" height=\"1024\" data-id=\"9668\" src=\"https:\/\/www.colours.cz\/wp-content\/uploads\/2025\/08\/Cerny_D2A2633_Sofian-Medjmedj-and-Adam-Misik-739x1024.jpg\" alt=\"Roman \u010cern\u00fd: I wouldn't have photographed Sting without Shaggy at Colours - Colours of Ostrava\" class=\"wp-image-9668\" srcset=\"https:\/\/www.colours.cz\/wp-content\/uploads\/2025\/08\/Cerny_D2A2633_Sofian-Medjmedj-and-Adam-Misik-739x1024.jpg 739w, https:\/\/www.colours.cz\/wp-content\/uploads\/2025\/08\/Cerny_D2A2633_Sofian-Medjmedj-and-Adam-Misik-216x300.jpg 216w, https:\/\/www.colours.cz\/wp-content\/uploads\/2025\/08\/Cerny_D2A2633_Sofian-Medjmedj-and-Adam-Misik-768x1065.jpg 768w, https:\/\/www.colours.cz\/wp-content\/uploads\/2025\/08\/Cerny_D2A2633_Sofian-Medjmedj-and-Adam-Misik-1108x1536.jpg 1108w, https:\/\/www.colours.cz\/wp-content\/uploads\/2025\/08\/Cerny_D2A2633_Sofian-Medjmedj-and-Adam-Misik-1477x2048.jpg 1477w, https:\/\/www.colours.cz\/wp-content\/uploads\/2025\/08\/Cerny_D2A2633_Sofian-Medjmedj-and-Adam-Misik-scaled.jpg 1847w\" sizes=\"auto, (max-width: 739px) 100vw, 739px\" \/><\/figure>\n\n\n\n<figure class=\"wp-block-image size-large\"><img loading=\"lazy\" decoding=\"async\" width=\"716\" height=\"1024\" data-id=\"9674\" src=\"https:\/\/www.colours.cz\/wp-content\/uploads\/2025\/08\/Cerny_D2A2926_Mick-Dawson-716x1024.jpg\" alt=\"Roman \u010cern\u00fd: I wouldn't have photographed Sting without Shaggy at Colours - Colours of Ostrava\" class=\"wp-image-9674\" srcset=\"https:\/\/www.colours.cz\/wp-content\/uploads\/2025\/08\/Cerny_D2A2926_Mick-Dawson-716x1024.jpg 716w, https:\/\/www.colours.cz\/wp-content\/uploads\/2025\/08\/Cerny_D2A2926_Mick-Dawson-210x300.jpg 210w, https:\/\/www.colours.cz\/wp-content\/uploads\/2025\/08\/Cerny_D2A2926_Mick-Dawson-768x1098.jpg 768w, https:\/\/www.colours.cz\/wp-content\/uploads\/2025\/08\/Cerny_D2A2926_Mick-Dawson-1075x1536.jpg 1075w, https:\/\/www.colours.cz\/wp-content\/uploads\/2025\/08\/Cerny_D2A2926_Mick-Dawson-1433x2048.jpg 1433w, https:\/\/www.colours.cz\/wp-content\/uploads\/2025\/08\/Cerny_D2A2926_Mick-Dawson-scaled.jpg 1791w\" sizes=\"auto, (max-width: 716px) 100vw, 716px\" \/><\/figure>\n\n\n\n<figure class=\"wp-block-image size-large\"><img loading=\"lazy\" decoding=\"async\" width=\"725\" height=\"1024\" data-id=\"9662\" src=\"https:\/\/www.colours.cz\/wp-content\/uploads\/2025\/08\/Cerny_D2A3032_Joseph-Allen-725x1024.jpg\" alt=\"Roman \u010cern\u00fd: I wouldn't have photographed Sting without Shaggy at Colours - Colours of Ostrava\" class=\"wp-image-9662\" srcset=\"https:\/\/www.colours.cz\/wp-content\/uploads\/2025\/08\/Cerny_D2A3032_Joseph-Allen-725x1024.jpg 725w, https:\/\/www.colours.cz\/wp-content\/uploads\/2025\/08\/Cerny_D2A3032_Joseph-Allen-212x300.jpg 212w, https:\/\/www.colours.cz\/wp-content\/uploads\/2025\/08\/Cerny_D2A3032_Joseph-Allen-768x1085.jpg 768w, https:\/\/www.colours.cz\/wp-content\/uploads\/2025\/08\/Cerny_D2A3032_Joseph-Allen-1087x1536.jpg 1087w, https:\/\/www.colours.cz\/wp-content\/uploads\/2025\/08\/Cerny_D2A3032_Joseph-Allen.jpg 1449w\" sizes=\"auto, (max-width: 725px) 100vw, 725px\" \/><\/figure>\n<\/figure>\n","protected":false},"excerpt":{"rendered":"<p>He started taking behind-the-scenes photos at festivals twenty years ago. This year marked his fifteenth time at Colours of Ostrava. Roman &#8220;Black&#8221; \u010cern\u00fd is undoubtedly one of the most prominent Czech photographers. Thanks to his contacts, he managed to photograph Iggy Pop at Colours in 2010. And this year, he also managed to capture some important personalities.<\/p>\n","protected":false},"author":6,"featured_media":9642,"comment_status":"closed","ping_status":"closed","sticky":false,"template":"","format":"standard","meta":{"footnotes":""},"categories":[148],"tags":[],"class_list":["post-9685","post","type-post","status-publish","format-standard","has-post-thumbnail","hentry","category-artists"],"yoast_head":"<!-- This site is optimized with the Yoast SEO plugin v25.3.1 - https:\/\/yoast.com\/wordpress\/plugins\/seo\/ -->\n<title>Roman \u010cern\u00fd: I wouldn&#039;t have photographed Sting without Shaggy at Colours - Colours of Ostrava<\/title>\n<meta name=\"robots\" content=\"index, follow, max-snippet:-1, max-image-preview:large, max-video-preview:-1\" \/>\n<link rel=\"canonical\" href=\"https:\/\/www.colours.cz\/en\/novinky\/roman-cerny-i-wouldnt-have-photographed-sting-without-shaggy\/\" \/>\n<meta property=\"og:locale\" content=\"en_US\" \/>\n<meta property=\"og:type\" content=\"article\" \/>\n<meta property=\"og:title\" content=\"Roman \u010cern\u00fd: I wouldn&#039;t have photographed Sting without Shaggy at Colours - Colours of Ostrava\" \/>\n<meta property=\"og:description\" content=\"He started taking behind-the-scenes photos at festivals twenty years ago. This year marked his fifteenth time at Colours of Ostrava. Roman &quot;Black&quot; \u010cern\u00fd is undoubtedly one of the most prominent Czech photographers. Thanks to his contacts, he managed to photograph Iggy Pop at Colours in 2010. And this year, he also managed to capture some important personalities.\" \/>\n<meta property=\"og:url\" content=\"https:\/\/www.colours.cz\/en\/novinky\/roman-cerny-i-wouldnt-have-photographed-sting-without-shaggy\/\" \/>\n<meta property=\"og:site_name\" content=\"Colours of Ostrava\" \/>\n<meta property=\"article:published_time\" content=\"2025-08-19T12:17:37+00:00\" \/>\n<meta property=\"article:modified_time\" content=\"2025-08-25T08:49:41+00:00\" \/>\n<meta property=\"og:image\" content=\"https:\/\/www.colours.cz\/wp-content\/uploads\/2025\/08\/Snimek-obrazovky-2025-08-19-v-13.42.07.png\" \/>\n\t<meta property=\"og:image:width\" content=\"1552\" \/>\n\t<meta property=\"og:image:height\" content=\"1001\" \/>\n\t<meta property=\"og:image:type\" content=\"image\/png\" \/>\n<meta name=\"author\" content=\"Veronika Bedn\u00e1\u0159ov\u00e1\" \/>\n<meta name=\"twitter:card\" content=\"summary_large_image\" \/>\n<meta name=\"twitter:label1\" content=\"Written by\" \/>\n\t<meta name=\"twitter:data1\" content=\"Veronika Bedn\u00e1\u0159ov\u00e1\" \/>\n\t<meta name=\"twitter:label2\" content=\"Est. reading time\" \/>\n\t<meta name=\"twitter:data2\" content=\"6 minutes\" \/>\n<!-- \/ Yoast SEO plugin. -->","yoast_head_json":{"title":"Roman \u010cern\u00fd: I wouldn't have photographed Sting without Shaggy at Colours - Colours of Ostrava","robots":{"index":"index","follow":"follow","max-snippet":"max-snippet:-1","max-image-preview":"max-image-preview:large","max-video-preview":"max-video-preview:-1"},"canonical":"https:\/\/www.colours.cz\/en\/novinky\/roman-cerny-i-wouldnt-have-photographed-sting-without-shaggy\/","og_locale":"en_US","og_type":"article","og_title":"Roman \u010cern\u00fd: I wouldn't have photographed Sting without Shaggy at Colours - Colours of Ostrava","og_description":"He started taking behind-the-scenes photos at festivals twenty years ago. This year marked his fifteenth time at Colours of Ostrava. Roman \"Black\" \u010cern\u00fd is undoubtedly one of the most prominent Czech photographers. Thanks to his contacts, he managed to photograph Iggy Pop at Colours in 2010. And this year, he also managed to capture some important personalities.","og_url":"https:\/\/www.colours.cz\/en\/novinky\/roman-cerny-i-wouldnt-have-photographed-sting-without-shaggy\/","og_site_name":"Colours of Ostrava","article_published_time":"2025-08-19T12:17:37+00:00","article_modified_time":"2025-08-25T08:49:41+00:00","og_image":[{"width":1552,"height":1001,"url":"https:\/\/www.colours.cz\/wp-content\/uploads\/2025\/08\/Snimek-obrazovky-2025-08-19-v-13.42.07.png","type":"image\/png"}],"author":"Veronika Bedn\u00e1\u0159ov\u00e1","twitter_card":"summary_large_image","twitter_misc":{"Written by":"Veronika Bedn\u00e1\u0159ov\u00e1","Est. reading time":"6 minutes"},"schema":{"@context":"https:\/\/schema.org","@graph":[{"@type":"WebPage","@id":"https:\/\/www.colours.cz\/en\/novinky\/roman-cerny-i-wouldnt-have-photographed-sting-without-shaggy\/","url":"https:\/\/www.colours.cz\/en\/novinky\/roman-cerny-i-wouldnt-have-photographed-sting-without-shaggy\/","name":"Roman \u010cern\u00fd: I wouldn't have photographed Sting without Shaggy at Colours - Colours of Ostrava","isPartOf":{"@id":"https:\/\/www.colours.cz\/en\/#website"},"primaryImageOfPage":{"@id":"https:\/\/www.colours.cz\/en\/novinky\/roman-cerny-i-wouldnt-have-photographed-sting-without-shaggy\/#primaryimage"},"image":{"@id":"https:\/\/www.colours.cz\/en\/novinky\/roman-cerny-i-wouldnt-have-photographed-sting-without-shaggy\/#primaryimage"},"thumbnailUrl":"https:\/\/www.colours.cz\/wp-content\/uploads\/2025\/08\/Snimek-obrazovky-2025-08-19-v-13.42.07.png","datePublished":"2025-08-19T12:17:37+00:00","dateModified":"2025-08-25T08:49:41+00:00","author":{"@id":"https:\/\/www.colours.cz\/en\/#\/schema\/person\/6308316900e0e57150e9b8eaf0fd20fd"},"breadcrumb":{"@id":"https:\/\/www.colours.cz\/en\/novinky\/roman-cerny-i-wouldnt-have-photographed-sting-without-shaggy\/#breadcrumb"},"inLanguage":"en-US","potentialAction":[{"@type":"ReadAction","target":["https:\/\/www.colours.cz\/en\/novinky\/roman-cerny-i-wouldnt-have-photographed-sting-without-shaggy\/"]}]},{"@type":"ImageObject","inLanguage":"en-US","@id":"https:\/\/www.colours.cz\/en\/novinky\/roman-cerny-i-wouldnt-have-photographed-sting-without-shaggy\/#primaryimage","url":"https:\/\/www.colours.cz\/wp-content\/uploads\/2025\/08\/Snimek-obrazovky-2025-08-19-v-13.42.07.png","contentUrl":"https:\/\/www.colours.cz\/wp-content\/uploads\/2025\/08\/Snimek-obrazovky-2025-08-19-v-13.42.07.png","width":1552,"height":1001},{"@type":"BreadcrumbList","@id":"https:\/\/www.colours.cz\/en\/novinky\/roman-cerny-i-wouldnt-have-photographed-sting-without-shaggy\/#breadcrumb","itemListElement":[{"@type":"ListItem","position":1,"name":"Dom\u016f","item":"https:\/\/www.colours.cz\/en\/"},{"@type":"ListItem","position":2,"name":"Roman \u010cern\u00fd: I wouldn&#8217;t have photographed Sting without Shaggy at Colours"}]},{"@type":"WebSite","@id":"https:\/\/www.colours.cz\/en\/#website","url":"https:\/\/www.colours.cz\/en\/","name":"Colours of Ostrava","description":"","potentialAction":[{"@type":"SearchAction","target":{"@type":"EntryPoint","urlTemplate":"https:\/\/www.colours.cz\/en\/?s={search_term_string}"},"query-input":{"@type":"PropertyValueSpecification","valueRequired":true,"valueName":"search_term_string"}}],"inLanguage":"en-US"},{"@type":"Person","@id":"https:\/\/www.colours.cz\/en\/#\/schema\/person\/6308316900e0e57150e9b8eaf0fd20fd","name":"Veronika Bedn\u00e1\u0159ov\u00e1","image":{"@type":"ImageObject","inLanguage":"en-US","@id":"https:\/\/www.colours.cz\/en\/#\/schema\/person\/image\/","url":"https:\/\/secure.gravatar.com\/avatar\/b69efa3e2751c96b53c9970390d7a3b70fcaf87f2ce81be0e7a9933123ad4233?s=96&d=mm&r=g","contentUrl":"https:\/\/secure.gravatar.com\/avatar\/b69efa3e2751c96b53c9970390d7a3b70fcaf87f2ce81be0e7a9933123ad4233?s=96&d=mm&r=g","caption":"Veronika Bedn\u00e1\u0159ov\u00e1"}}]}},"_links":{"self":[{"href":"https:\/\/www.colours.cz\/en\/wp-json\/wp\/v2\/posts\/9685","targetHints":{"allow":["GET"]}}],"collection":[{"href":"https:\/\/www.colours.cz\/en\/wp-json\/wp\/v2\/posts"}],"about":[{"href":"https:\/\/www.colours.cz\/en\/wp-json\/wp\/v2\/types\/post"}],"author":[{"embeddable":true,"href":"https:\/\/www.colours.cz\/en\/wp-json\/wp\/v2\/users\/6"}],"replies":[{"embeddable":true,"href":"https:\/\/www.colours.cz\/en\/wp-json\/wp\/v2\/comments?post=9685"}],"version-history":[{"count":5,"href":"https:\/\/www.colours.cz\/en\/wp-json\/wp\/v2\/posts\/9685\/revisions"}],"predecessor-version":[{"id":9702,"href":"https:\/\/www.colours.cz\/en\/wp-json\/wp\/v2\/posts\/9685\/revisions\/9702"}],"wp:featuredmedia":[{"embeddable":true,"href":"https:\/\/www.colours.cz\/en\/wp-json\/wp\/v2\/media\/9642"}],"wp:attachment":[{"href":"https:\/\/www.colours.cz\/en\/wp-json\/wp\/v2\/media?parent=9685"}],"wp:term":[{"taxonomy":"category","embeddable":true,"href":"https:\/\/www.colours.cz\/en\/wp-json\/wp\/v2\/categories?post=9685"},{"taxonomy":"post_tag","embeddable":true,"href":"https:\/\/www.colours.cz\/en\/wp-json\/wp\/v2\/tags?post=9685"}],"curies":[{"name":"wp","href":"https:\/\/api.w.org\/{rel}","templated":true}]}}