{"id":5274,"date":"2025-06-03T10:37:33","date_gmt":"2025-06-03T08:37:33","guid":{"rendered":"https:\/\/www.colours.cz\/?p=5274"},"modified":"2025-06-28T16:01:09","modified_gmt":"2025-06-28T14:01:09","slug":"en-ikona-ceskeho-designu-jana-zielinski-vyrazi-na-colours-kde-ji-muzete-potkat","status":"publish","type":"post","link":"https:\/\/www.colours.cz\/en\/novinky\/en-ikona-ceskeho-designu-jana-zielinski-vyrazi-na-colours-kde-ji-muzete-potkat\/","title":{"rendered":"The icon of Czech design, Jana Zielinski, is coming to Colours! Where can you meet her?"},"content":{"rendered":"\n<figure class=\"wp-block-image size-large\"><img loading=\"lazy\" decoding=\"async\" width=\"1024\" height=\"683\" src=\"https:\/\/www.colours.cz\/wp-content\/uploads\/2025\/05\/jana-zielinski-na-colours-1024x683.jpg\" alt=\"The icon of Czech design, Jana Zielinski, is coming to Colours! Where can you meet her? - Colours of Ostrava\" class=\"wp-image-5036\" srcset=\"https:\/\/www.colours.cz\/wp-content\/uploads\/2025\/05\/jana-zielinski-na-colours-1024x683.jpg 1024w, https:\/\/www.colours.cz\/wp-content\/uploads\/2025\/05\/jana-zielinski-na-colours-300x200.jpg 300w, https:\/\/www.colours.cz\/wp-content\/uploads\/2025\/05\/jana-zielinski-na-colours-768x512.jpg 768w, https:\/\/www.colours.cz\/wp-content\/uploads\/2025\/05\/jana-zielinski-na-colours.jpg 1500w\" sizes=\"auto, (max-width: 1024px) 100vw, 1024px\" \/><\/figure>\n\n\n\n<p><strong>Good afternoon, Jana. First, we\u2019d like to thank you for taking the time to speak with us during the preparations for this year\u2019s Designblok. To start, could you tell us what Colours means to you?<\/strong><\/p>\n\n\n\n<p><em>For me, Colours is always about the unique festival grounds, where music, talks, debates, food, and thousands of people come together. It\u2019s a truly immersive experience. At the same time, I can\u2019t resist a little morning walk in the Beskydy hills near \u010celadn\u00e1.<\/em><\/p>\n\n\n\n<p><strong>You mentioned you won\u2019t be missing this year\u2019s festival either, which we\u2019re very pleased to hear! Are there any concerts or talks from previous years that left a strong impression on you or inspired you in some way?<\/strong><\/p>\n\n\n\n<p><em>There have been so many! Sam Smith, Lenny Kravitz, lectures on longevity and technology, Dany Dr\u00e1bov\u00e1 explaining how a nuclear reactor works, and the theatre performance by Marta Ad\u00e9la Stodolov\u00e1. It\u2019s always a powerful mix of emotion and intellect.<\/em><\/p>\n\n\n\n<figure class=\"wp-block-gallery has-nested-images columns-default is-cropped wp-block-gallery-1 is-layout-flex wp-block-gallery-is-layout-flex\">\n<figure class=\"wp-block-image size-large\"><img loading=\"lazy\" decoding=\"async\" width=\"768\" height=\"1024\" data-id=\"5026\" src=\"https:\/\/www.colours.cz\/wp-content\/uploads\/2025\/05\/IMG_1367-768x1024.jpg\" alt=\"The icon of Czech design, Jana Zielinski, is coming to Colours! Where can you meet her? - Colours of Ostrava\" class=\"wp-image-5026\" srcset=\"https:\/\/www.colours.cz\/wp-content\/uploads\/2025\/05\/IMG_1367-768x1024.jpg 768w, https:\/\/www.colours.cz\/wp-content\/uploads\/2025\/05\/IMG_1367-225x300.jpg 225w, https:\/\/www.colours.cz\/wp-content\/uploads\/2025\/05\/IMG_1367-1152x1536.jpg 1152w, https:\/\/www.colours.cz\/wp-content\/uploads\/2025\/05\/IMG_1367-rotated.jpg 1158w\" sizes=\"auto, (max-width: 768px) 100vw, 768px\" \/><\/figure>\n\n\n\n<figure class=\"wp-block-image size-large\"><img loading=\"lazy\" decoding=\"async\" width=\"662\" height=\"1024\" data-id=\"5029\" src=\"https:\/\/www.colours.cz\/wp-content\/uploads\/2025\/05\/IMG_0740-662x1024.jpg\" alt=\"The icon of Czech design, Jana Zielinski, is coming to Colours! Where can you meet her? - Colours of Ostrava\" class=\"wp-image-5029\" srcset=\"https:\/\/www.colours.cz\/wp-content\/uploads\/2025\/05\/IMG_0740-662x1024.jpg 662w, https:\/\/www.colours.cz\/wp-content\/uploads\/2025\/05\/IMG_0740-194x300.jpg 194w, https:\/\/www.colours.cz\/wp-content\/uploads\/2025\/05\/IMG_0740-768x1188.jpg 768w, https:\/\/www.colours.cz\/wp-content\/uploads\/2025\/05\/IMG_0740-993x1536.jpg 993w, https:\/\/www.colours.cz\/wp-content\/uploads\/2025\/05\/IMG_0740.jpg 1098w\" sizes=\"auto, (max-width: 662px) 100vw, 662px\" \/><\/figure>\n\n\n\n<figure class=\"wp-block-image size-large\"><img loading=\"lazy\" decoding=\"async\" width=\"768\" height=\"1024\" data-id=\"5017\" src=\"https:\/\/www.colours.cz\/wp-content\/uploads\/2025\/05\/FullSizeRender-768x1024.jpg\" alt=\"The icon of Czech design, Jana Zielinski, is coming to Colours! Where can you meet her? - Colours of Ostrava\" class=\"wp-image-5017\" srcset=\"https:\/\/www.colours.cz\/wp-content\/uploads\/2025\/05\/FullSizeRender-768x1024.jpg 768w, https:\/\/www.colours.cz\/wp-content\/uploads\/2025\/05\/FullSizeRender-225x300.jpg 225w, https:\/\/www.colours.cz\/wp-content\/uploads\/2025\/05\/FullSizeRender-1152x1536.jpg 1152w, https:\/\/www.colours.cz\/wp-content\/uploads\/2025\/05\/FullSizeRender.jpg 1158w\" sizes=\"auto, (max-width: 768px) 100vw, 768px\" \/><\/figure>\n<\/figure>\n\n\n\n<p><\/p>\n\n\n\n<p><strong><strong>And what are you looking forward to this year?<\/strong><\/strong><\/p>\n\n\n\n<p><em>From this year\u2019s music programme, I\u2019m excited to hear Korean composer Jung Jaeil performing with the Jan\u00e1\u010dek Philharmonic Orchestra \u2014 perfect for listening \u2014 and Sofi Tukker, who\u2019s great for dancing.<\/em><\/p>\n\n\n\n<p><em>I\u2019ll catch some <strong>talks at Meltingpot<\/strong> too; it\u2019s always an inspiring experience. This year, I\u2019m making my debut there and will be actively involved \u2014 we\u2019ll be <strong>launching a book by Sv\u011btlana Witowsk\u00e1<\/strong>, who chose inspiring Czech women and wrote a collection of interviews about them. We\u2019re also organising a <strong>discussion related to the Czech Grand Design Awards<\/strong> with the 2024 <strong>Designer of the Year, Kate\u0159ina Handlov\u00e1, and the Manufacturer of the Year, the brand Master &amp; Master<\/strong>.<\/em><\/p>\n\n\n\n<p><em>I\u2019m planning to see the theatre production <a href=\"https:\/\/www.colours.cz\/en\/ucinkujici\/petr-zelenka-zaby-hraje-ivana-trojan\/\"><em>\u017d\u00e1by<\/em> with Ivan Trojan<\/a> as well. It\u2019s funny how I usually catch shows in Ostrava that I missed in Prague. As always, it promises to be a colourful experience!<\/em><\/p>\n\n\n\n<p><\/p>\n\n\n\n<p><strong><strong>That sounds fantastic. Finally, may we ask what exciting things we can expect at this year\u2019s Designblok?<\/strong><\/strong><\/p>\n\n\n\n<p><em>This year\u2019s edition will feature major international design figures, such as Patricia Urquiola, who will personally receive the Designblok Lifetime Achievement Award, as well as Erwan Bouroullec, Sabine Marcelis, and many others. We\u2019ll showcase a photography exhibition by Mary McCartney, highlight emerging European talents in the Designblok Diploma Selection competition, and present top Czech designers and makers working with traditional crafts.<\/em><\/p>\n\n\n\n<p><em>The accompanying programme will also include lectures, discussions on design and architecture, and a special thematic exhibition, Between Unity and Diversity, focusing on the work of women in architecture and design. Among those featured will be Eva Ji\u0159i\u010dn\u00e1, Eva Eisler, Lib\u011bna Rochov\u00e1, Lucie Koldov\u00e1, B\u00e1ra Pr\u00e1\u0161ilov\u00e1, and others.<\/em><\/p>\n\n\n\n<p><em>The festival takes place in exceptional venues \u2014 Prague Castle, the Museum of Decorative Arts, Rudolfinum Gallery, and Prague Exhibition Grounds. Wallpaper magazine called Designblok \u201cthe most playful festival in the world.\u201d This year, the stakes are high \u2014 after all, the theme is Courage.<\/em><\/p>\n","protected":false},"excerpt":{"rendered":"<p>Good afternoon, Jana. First, we\u2019d like to thank you for taking the time to speak with us during the preparations for this year\u2019s Designblok. To start, could you tell us what Colours means to you? For me, Colours is always about the unique festival grounds, where music, talks, debates, food, and thousands of people come&#8230;<\/p>\n","protected":false},"author":5,"featured_media":5044,"comment_status":"closed","ping_status":"closed","sticky":false,"template":"","format":"standard","meta":{"footnotes":""},"categories":[146],"tags":[],"class_list":["post-5274","post","type-post","status-publish","format-standard","has-post-thumbnail","hentry","category-other"],"yoast_head":"<!-- This site is optimized with the Yoast SEO plugin v25.3.1 - https:\/\/yoast.com\/wordpress\/plugins\/seo\/ -->\n<title>The icon of Czech design, Jana Zielinski, is coming to Colours! Where can you meet her? - Colours of Ostrava<\/title>\n<meta name=\"robots\" content=\"index, follow, max-snippet:-1, max-image-preview:large, max-video-preview:-1\" \/>\n<link rel=\"canonical\" href=\"https:\/\/www.colours.cz\/en\/novinky\/en-ikona-ceskeho-designu-jana-zielinski-vyrazi-na-colours-kde-ji-muzete-potkat\/\" \/>\n<meta property=\"og:locale\" content=\"en_US\" \/>\n<meta property=\"og:type\" content=\"article\" \/>\n<meta property=\"og:title\" content=\"The icon of Czech design, Jana Zielinski, is coming to Colours! Where can you meet her? - Colours of Ostrava\" \/>\n<meta property=\"og:description\" content=\"Good afternoon, Jana. First, we\u2019d like to thank you for taking the time to speak with us during the preparations for this year\u2019s Designblok. To start, could you tell us what Colours means to you? For me, Colours is always about the unique festival grounds, where music, talks, debates, food, and thousands of people come...\" \/>\n<meta property=\"og:url\" content=\"https:\/\/www.colours.cz\/en\/novinky\/en-ikona-ceskeho-designu-jana-zielinski-vyrazi-na-colours-kde-ji-muzete-potkat\/\" \/>\n<meta property=\"og:site_name\" content=\"Colours of Ostrava\" \/>\n<meta property=\"article:published_time\" content=\"2025-06-03T08:37:33+00:00\" \/>\n<meta property=\"article:modified_time\" content=\"2025-06-28T14:01:09+00:00\" \/>\n<meta property=\"og:image\" content=\"https:\/\/www.colours.cz\/wp-content\/uploads\/2025\/05\/jana-na-colours.jpg\" \/>\n\t<meta property=\"og:image:width\" content=\"1500\" \/>\n\t<meta property=\"og:image:height\" content=\"1000\" \/>\n\t<meta property=\"og:image:type\" content=\"image\/jpeg\" \/>\n<meta name=\"author\" content=\"zborilova\" \/>\n<meta name=\"twitter:card\" content=\"summary_large_image\" \/>\n<meta name=\"twitter:label1\" content=\"Written by\" \/>\n\t<meta name=\"twitter:data1\" content=\"zborilova\" \/>\n\t<meta name=\"twitter:label2\" content=\"Est. reading time\" \/>\n\t<meta name=\"twitter:data2\" content=\"4 minutes\" \/>\n<!-- \/ Yoast SEO plugin. -->","yoast_head_json":{"title":"The icon of Czech design, Jana Zielinski, is coming to Colours! Where can you meet her? - Colours of Ostrava","robots":{"index":"index","follow":"follow","max-snippet":"max-snippet:-1","max-image-preview":"max-image-preview:large","max-video-preview":"max-video-preview:-1"},"canonical":"https:\/\/www.colours.cz\/en\/novinky\/en-ikona-ceskeho-designu-jana-zielinski-vyrazi-na-colours-kde-ji-muzete-potkat\/","og_locale":"en_US","og_type":"article","og_title":"The icon of Czech design, Jana Zielinski, is coming to Colours! Where can you meet her? - Colours of Ostrava","og_description":"Good afternoon, Jana. First, we\u2019d like to thank you for taking the time to speak with us during the preparations for this year\u2019s Designblok. To start, could you tell us what Colours means to you? For me, Colours is always about the unique festival grounds, where music, talks, debates, food, and thousands of people come...","og_url":"https:\/\/www.colours.cz\/en\/novinky\/en-ikona-ceskeho-designu-jana-zielinski-vyrazi-na-colours-kde-ji-muzete-potkat\/","og_site_name":"Colours of Ostrava","article_published_time":"2025-06-03T08:37:33+00:00","article_modified_time":"2025-06-28T14:01:09+00:00","og_image":[{"width":1500,"height":1000,"url":"https:\/\/www.colours.cz\/wp-content\/uploads\/2025\/05\/jana-na-colours.jpg","type":"image\/jpeg"}],"author":"zborilova","twitter_card":"summary_large_image","twitter_misc":{"Written by":"zborilova","Est. reading time":"4 minutes"},"schema":{"@context":"https:\/\/schema.org","@graph":[{"@type":"WebPage","@id":"https:\/\/www.colours.cz\/en\/novinky\/en-ikona-ceskeho-designu-jana-zielinski-vyrazi-na-colours-kde-ji-muzete-potkat\/","url":"https:\/\/www.colours.cz\/en\/novinky\/en-ikona-ceskeho-designu-jana-zielinski-vyrazi-na-colours-kde-ji-muzete-potkat\/","name":"The icon of Czech design, Jana Zielinski, is coming to Colours! Where can you meet her? - Colours of Ostrava","isPartOf":{"@id":"https:\/\/www.colours.cz\/en\/#website"},"primaryImageOfPage":{"@id":"https:\/\/www.colours.cz\/en\/novinky\/en-ikona-ceskeho-designu-jana-zielinski-vyrazi-na-colours-kde-ji-muzete-potkat\/#primaryimage"},"image":{"@id":"https:\/\/www.colours.cz\/en\/novinky\/en-ikona-ceskeho-designu-jana-zielinski-vyrazi-na-colours-kde-ji-muzete-potkat\/#primaryimage"},"thumbnailUrl":"https:\/\/www.colours.cz\/wp-content\/uploads\/2025\/05\/jana-na-colours.jpg","datePublished":"2025-06-03T08:37:33+00:00","dateModified":"2025-06-28T14:01:09+00:00","author":{"@id":"https:\/\/www.colours.cz\/en\/#\/schema\/person\/ee44f97504c3b915bcc47d6031df8361"},"breadcrumb":{"@id":"https:\/\/www.colours.cz\/en\/novinky\/en-ikona-ceskeho-designu-jana-zielinski-vyrazi-na-colours-kde-ji-muzete-potkat\/#breadcrumb"},"inLanguage":"en-US","potentialAction":[{"@type":"ReadAction","target":["https:\/\/www.colours.cz\/en\/novinky\/en-ikona-ceskeho-designu-jana-zielinski-vyrazi-na-colours-kde-ji-muzete-potkat\/"]}]},{"@type":"ImageObject","inLanguage":"en-US","@id":"https:\/\/www.colours.cz\/en\/novinky\/en-ikona-ceskeho-designu-jana-zielinski-vyrazi-na-colours-kde-ji-muzete-potkat\/#primaryimage","url":"https:\/\/www.colours.cz\/wp-content\/uploads\/2025\/05\/jana-na-colours.jpg","contentUrl":"https:\/\/www.colours.cz\/wp-content\/uploads\/2025\/05\/jana-na-colours.jpg","width":1500,"height":1000},{"@type":"BreadcrumbList","@id":"https:\/\/www.colours.cz\/en\/novinky\/en-ikona-ceskeho-designu-jana-zielinski-vyrazi-na-colours-kde-ji-muzete-potkat\/#breadcrumb","itemListElement":[{"@type":"ListItem","position":1,"name":"Dom\u016f","item":"https:\/\/www.colours.cz\/en\/"},{"@type":"ListItem","position":2,"name":"The icon of Czech design, Jana Zielinski, is coming to Colours! Where can you meet her?"}]},{"@type":"WebSite","@id":"https:\/\/www.colours.cz\/en\/#website","url":"https:\/\/www.colours.cz\/en\/","name":"Colours of Ostrava","description":"","potentialAction":[{"@type":"SearchAction","target":{"@type":"EntryPoint","urlTemplate":"https:\/\/www.colours.cz\/en\/?s={search_term_string}"},"query-input":{"@type":"PropertyValueSpecification","valueRequired":true,"valueName":"search_term_string"}}],"inLanguage":"en-US"},{"@type":"Person","@id":"https:\/\/www.colours.cz\/en\/#\/schema\/person\/ee44f97504c3b915bcc47d6031df8361","name":"zborilova","image":{"@type":"ImageObject","inLanguage":"en-US","@id":"https:\/\/www.colours.cz\/en\/#\/schema\/person\/image\/","url":"https:\/\/secure.gravatar.com\/avatar\/228ca346626c68ee54049dd3ff49e25430bc92203566b48c2c9005327aaa846f?s=96&d=mm&r=g","contentUrl":"https:\/\/secure.gravatar.com\/avatar\/228ca346626c68ee54049dd3ff49e25430bc92203566b48c2c9005327aaa846f?s=96&d=mm&r=g","caption":"zborilova"}}]}},"_links":{"self":[{"href":"https:\/\/www.colours.cz\/en\/wp-json\/wp\/v2\/posts\/5274","targetHints":{"allow":["GET"]}}],"collection":[{"href":"https:\/\/www.colours.cz\/en\/wp-json\/wp\/v2\/posts"}],"about":[{"href":"https:\/\/www.colours.cz\/en\/wp-json\/wp\/v2\/types\/post"}],"author":[{"embeddable":true,"href":"https:\/\/www.colours.cz\/en\/wp-json\/wp\/v2\/users\/5"}],"replies":[{"embeddable":true,"href":"https:\/\/www.colours.cz\/en\/wp-json\/wp\/v2\/comments?post=5274"}],"version-history":[{"count":1,"href":"https:\/\/www.colours.cz\/en\/wp-json\/wp\/v2\/posts\/5274\/revisions"}],"predecessor-version":[{"id":5275,"href":"https:\/\/www.colours.cz\/en\/wp-json\/wp\/v2\/posts\/5274\/revisions\/5275"}],"wp:featuredmedia":[{"embeddable":true,"href":"https:\/\/www.colours.cz\/en\/wp-json\/wp\/v2\/media\/5044"}],"wp:attachment":[{"href":"https:\/\/www.colours.cz\/en\/wp-json\/wp\/v2\/media?parent=5274"}],"wp:term":[{"taxonomy":"category","embeddable":true,"href":"https:\/\/www.colours.cz\/en\/wp-json\/wp\/v2\/categories?post=5274"},{"taxonomy":"post_tag","embeddable":true,"href":"https:\/\/www.colours.cz\/en\/wp-json\/wp\/v2\/tags?post=5274"}],"curies":[{"name":"wp","href":"https:\/\/api.w.org\/{rel}","templated":true}]}}