{"id":19056,"date":"2026-09-03T12:21:03","date_gmt":"2026-09-03T10:21:03","guid":{"rendered":"https:\/\/www.colours.cz\/novinky\/lp-room-12-je-otevreny-brzy-se-otevre-i-o2-universum-%f0%9f%96%a4\/"},"modified":"2026-09-03T12:50:30","modified_gmt":"2026-09-03T10:50:30","slug":"lp-room-12-is-open-o2-universum-will-open-its-doors-soon-%f0%9f%96%a4","status":"publish","type":"post","link":"https:\/\/www.colours.cz\/en\/novinky\/lp-room-12-is-open-o2-universum-will-open-its-doors-soon-%f0%9f%96%a4\/","title":{"rendered":"LP: Room 12 is open. O2 universum will open its doors soon. \ud83d\udda4"},"content":{"rendered":"\n<figure class=\"wp-block-embed is-type-rich is-provider-spotify wp-block-embed-spotify wp-embed-aspect-21-9 wp-has-aspect-ratio\"><div class=\"wp-block-embed__wrapper\">\n<iframe title=\"Spotify Embed: Room 12\" style=\"border-radius: 12px\" width=\"100%\" height=\"352\" frameborder=\"0\" allowfullscreen allow=\"autoplay; clipboard-write; encrypted-media; fullscreen; picture-in-picture\" loading=\"lazy\" src=\"https:\/\/open.spotify.com\/embed\/album\/2yGdO0zbudnZ9ac1NYCnSv?si=RRMUt7SfSu6YiQtm4IEM0Q&amp;utm_source=oembed\"><\/iframe>\n<\/div><\/figure>\n\n\n\n<p class=\"wp-block-paragraph\">Room 12 is out now. 11 tracks, just under 40 minutes, and one hotel that, according to LP, is actually a metaphor for life itself.<\/p>\n\n\n\n<blockquote class=\"wp-block-quote is-layout-flow wp-block-quote-is-layout-flow\">\n<p class=\"wp-block-paragraph\"><em>\u201cRoom 12 is about being in constant motion but realizing that the stillness that can be yours in life and love regardless of the chaos. Movement is a moment. A moment you can capture forever.\u201d<\/em><\/p>\n\n\n\n<p class=\"wp-block-paragraph\">An album about love, memories, loss, new beginnings, and the idea that you don\u2019t have to have everything figured out to keep moving forward.<\/p>\n<\/blockquote>\n\n\n<div class=\"wp-block-image\">\n<figure class=\"aligncenter size-large\"><a href=\"https:\/\/www.colours.cz\/wp-content\/uploads\/2026\/09\/1322x623-1-1024x483.jpg\"><img loading=\"lazy\" decoding=\"async\" width=\"1024\" height=\"483\" src=\"https:\/\/www.colours.cz\/wp-content\/uploads\/2026\/09\/1322x623-1-1024x483.jpg\" alt=\"LP: Room 12 is open. O2 universum will open its doors soon. \ud83d\udda4 - Colours of Ostrava\" class=\"wp-image-19049\" srcset=\"https:\/\/www.colours.cz\/wp-content\/uploads\/2026\/09\/1322x623-1-1024x483.jpg 1024w, https:\/\/www.colours.cz\/wp-content\/uploads\/2026\/09\/1322x623-1-300x141.jpg 300w, https:\/\/www.colours.cz\/wp-content\/uploads\/2026\/09\/1322x623-1-768x362.jpg 768w, https:\/\/www.colours.cz\/wp-content\/uploads\/2026\/09\/1322x623-1.jpg 1322w\" sizes=\"auto, (max-width: 1024px) 100vw, 1024px\" \/><\/a><\/figure>\n<\/div>\n\n  <article class=\"i-info-box py-3 px-3 u-posr d-flex flex-column align-items-start gap-2  `\">\n\n  <header class=\"i-info-box__header\">\n          <h2 class=\"base-heading mb-0 text-uppercase  u-h2   text-start\">\n            <strong><strong>Did you know\u2026<\/strong><\/strong>\n      <\/h2>\n      <\/header>\n\n      <div class=\"i-info-box__content entry-content\">\n      A large part of\u00a0Love Is All I Have\u00a0was created right here in the Czech Republic. During the stay, new musical ideas emerged, as well as a number of motifs that eventually became part of the song.\n    <\/div>\n  \n\n  <\/article>\n\n\n\n<h3 class=\"wp-block-heading\"><strong><strong>November 9 at O2 universum<\/strong><\/strong> <strong>\ud83c\udfa4<\/strong> <strong> <\/strong><\/h3>\n\n\n\n<p class=\"wp-block-paragraph\">With the new album\u00a0Room 12, LP is heading to Prague. And we\u2019re already looking forward not only to the new songs, but also to the fan favourites we\u2019ve had in our hearts for a long time.<\/p>\n\n\n<div class=\"\">\n  <a class=\"btn u-posr u-cursor-pointer u-border-none u-z-index-1 d-inline-flex gap-1 align-items-center justify-content-center flex-nowrap flex-shrink-0 user-select-none text-decoration-none text-uppercase --primary\" href='https:\/\/www.ticketportal.cz\/event\/LP--2147479766'>\n      <span class=\"btn__title text-center\">\n      <strong>I WANT TO SEE LP \u2665<\/strong>\n    <\/span>\n  \n  <\/a>\n\n<\/div>\n\n\n\n<h3 class=\"wp-block-heading\"><strong><strong>See you in Prague?<\/strong><\/strong><\/h3>\n\n\n\n<p class=\"wp-block-paragraph\">Now all that\u2019s left is to listen to the new album, revisit the older ones, and see you in November.<\/p>\n\n\n\n<p class=\"wp-block-paragraph\"><\/p>\n","protected":false},"excerpt":{"rendered":"<p>In November, LP will return to the Czech Republic with their new album, performing in Prague.<\/p>\n","protected":false},"author":15,"featured_media":19045,"comment_status":"closed","ping_status":"closed","sticky":false,"template":"","format":"standard","meta":{"footnotes":""},"categories":[488],"tags":[],"class_list":["post-19056","post","type-post","status-publish","format-standard","has-post-thumbnail","hentry","category-colours-presents-en"],"yoast_head":"<!-- This site is optimized with the Yoast SEO plugin v25.3.1 - https:\/\/yoast.com\/wordpress\/plugins\/seo\/ -->\n<title>LP: Room 12 is open. O2 universum will open its doors soon. \ud83d\udda4 - Colours of Ostrava<\/title>\n<meta name=\"robots\" content=\"index, follow, max-snippet:-1, max-image-preview:large, max-video-preview:-1\" \/>\n<link rel=\"canonical\" href=\"https:\/\/www.colours.cz\/en\/novinky\/lp-room-12-is-open-o2-universum-will-open-its-doors-soon-%f0%9f%96%a4\/\" \/>\n<meta property=\"og:locale\" content=\"en_US\" \/>\n<meta property=\"og:type\" content=\"article\" \/>\n<meta property=\"og:title\" content=\"LP: Room 12 is open. O2 universum will open its doors soon. \ud83d\udda4 - Colours of Ostrava\" \/>\n<meta property=\"og:description\" content=\"In November, LP will return to the Czech Republic with their new album, performing in Prague.\" \/>\n<meta property=\"og:url\" content=\"https:\/\/www.colours.cz\/en\/novinky\/lp-room-12-is-open-o2-universum-will-open-its-doors-soon-%f0%9f%96%a4\/\" \/>\n<meta property=\"og:site_name\" content=\"Colours of Ostrava\" \/>\n<meta property=\"article:published_time\" content=\"2026-09-03T10:21:03+00:00\" \/>\n<meta property=\"article:modified_time\" content=\"2026-09-03T10:50:30+00:00\" \/>\n<meta property=\"og:image\" content=\"https:\/\/www.colours.cz\/wp-content\/uploads\/2026\/09\/Frame-9-1024x475.png\" \/>\n\t<meta property=\"og:image:width\" content=\"1024\" \/>\n\t<meta property=\"og:image:height\" content=\"475\" \/>\n\t<meta property=\"og:image:type\" content=\"image\/png\" \/>\n<meta name=\"author\" content=\"Kl\u00e1ra Miklasov\u00e1\" \/>\n<meta name=\"twitter:card\" content=\"summary_large_image\" \/>\n<meta name=\"twitter:label1\" content=\"Written by\" \/>\n\t<meta name=\"twitter:data1\" content=\"Kl\u00e1ra Miklasov\u00e1\" \/>\n\t<meta name=\"twitter:label2\" content=\"Est. reading time\" \/>\n\t<meta name=\"twitter:data2\" content=\"1 minute\" \/>\n<!-- \/ Yoast SEO plugin. -->","yoast_head_json":{"title":"LP: Room 12 is open. O2 universum will open its doors soon. \ud83d\udda4 - Colours of Ostrava","robots":{"index":"index","follow":"follow","max-snippet":"max-snippet:-1","max-image-preview":"max-image-preview:large","max-video-preview":"max-video-preview:-1"},"canonical":"https:\/\/www.colours.cz\/en\/novinky\/lp-room-12-is-open-o2-universum-will-open-its-doors-soon-%f0%9f%96%a4\/","og_locale":"en_US","og_type":"article","og_title":"LP: Room 12 is open. O2 universum will open its doors soon. \ud83d\udda4 - Colours of Ostrava","og_description":"In November, LP will return to the Czech Republic with their new album, performing in Prague.","og_url":"https:\/\/www.colours.cz\/en\/novinky\/lp-room-12-is-open-o2-universum-will-open-its-doors-soon-%f0%9f%96%a4\/","og_site_name":"Colours of Ostrava","article_published_time":"2026-09-03T10:21:03+00:00","article_modified_time":"2026-09-03T10:50:30+00:00","og_image":[{"width":1024,"height":475,"url":"https:\/\/www.colours.cz\/wp-content\/uploads\/2026\/09\/Frame-9-1024x475.png","type":"image\/png"}],"author":"Kl\u00e1ra Miklasov\u00e1","twitter_card":"summary_large_image","twitter_misc":{"Written by":"Kl\u00e1ra Miklasov\u00e1","Est. reading time":"1 minute"},"schema":{"@context":"https:\/\/schema.org","@graph":[{"@type":"WebPage","@id":"https:\/\/www.colours.cz\/en\/novinky\/lp-room-12-is-open-o2-universum-will-open-its-doors-soon-%f0%9f%96%a4\/","url":"https:\/\/www.colours.cz\/en\/novinky\/lp-room-12-is-open-o2-universum-will-open-its-doors-soon-%f0%9f%96%a4\/","name":"LP: Room 12 is open. O2 universum will open its doors soon. \ud83d\udda4 - Colours of Ostrava","isPartOf":{"@id":"https:\/\/www.colours.cz\/en\/#website"},"primaryImageOfPage":{"@id":"https:\/\/www.colours.cz\/en\/novinky\/lp-room-12-is-open-o2-universum-will-open-its-doors-soon-%f0%9f%96%a4\/#primaryimage"},"image":{"@id":"https:\/\/www.colours.cz\/en\/novinky\/lp-room-12-is-open-o2-universum-will-open-its-doors-soon-%f0%9f%96%a4\/#primaryimage"},"thumbnailUrl":"https:\/\/www.colours.cz\/wp-content\/uploads\/2026\/09\/Frame-9-scaled.png","datePublished":"2026-09-03T10:21:03+00:00","dateModified":"2026-09-03T10:50:30+00:00","author":{"@id":"https:\/\/www.colours.cz\/en\/#\/schema\/person\/fa3a17e0c6e9dc3c3e92c73812e99186"},"breadcrumb":{"@id":"https:\/\/www.colours.cz\/en\/novinky\/lp-room-12-is-open-o2-universum-will-open-its-doors-soon-%f0%9f%96%a4\/#breadcrumb"},"inLanguage":"en-US","potentialAction":[{"@type":"ReadAction","target":["https:\/\/www.colours.cz\/en\/novinky\/lp-room-12-is-open-o2-universum-will-open-its-doors-soon-%f0%9f%96%a4\/"]}]},{"@type":"ImageObject","inLanguage":"en-US","@id":"https:\/\/www.colours.cz\/en\/novinky\/lp-room-12-is-open-o2-universum-will-open-its-doors-soon-%f0%9f%96%a4\/#primaryimage","url":"https:\/\/www.colours.cz\/wp-content\/uploads\/2026\/09\/Frame-9-scaled.png","contentUrl":"https:\/\/www.colours.cz\/wp-content\/uploads\/2026\/09\/Frame-9-scaled.png","width":2560,"height":1188},{"@type":"BreadcrumbList","@id":"https:\/\/www.colours.cz\/en\/novinky\/lp-room-12-is-open-o2-universum-will-open-its-doors-soon-%f0%9f%96%a4\/#breadcrumb","itemListElement":[{"@type":"ListItem","position":1,"name":"Dom\u016f","item":"https:\/\/www.colours.cz\/en\/"},{"@type":"ListItem","position":2,"name":"LP: Room 12 is open. O2 universum will open its doors soon. \ud83d\udda4"}]},{"@type":"WebSite","@id":"https:\/\/www.colours.cz\/en\/#website","url":"https:\/\/www.colours.cz\/en\/","name":"Colours of Ostrava","description":"","potentialAction":[{"@type":"SearchAction","target":{"@type":"EntryPoint","urlTemplate":"https:\/\/www.colours.cz\/en\/?s={search_term_string}"},"query-input":{"@type":"PropertyValueSpecification","valueRequired":true,"valueName":"search_term_string"}}],"inLanguage":"en-US"},{"@type":"Person","@id":"https:\/\/www.colours.cz\/en\/#\/schema\/person\/fa3a17e0c6e9dc3c3e92c73812e99186","name":"Kl\u00e1ra Miklasov\u00e1","image":{"@type":"ImageObject","inLanguage":"en-US","@id":"https:\/\/www.colours.cz\/en\/#\/schema\/person\/image\/","url":"https:\/\/secure.gravatar.com\/avatar\/f1f909650971a5f805b1f98c7250aa4c3a195819c04e336496191fa034e03cd9?s=96&d=mm&r=g","contentUrl":"https:\/\/secure.gravatar.com\/avatar\/f1f909650971a5f805b1f98c7250aa4c3a195819c04e336496191fa034e03cd9?s=96&d=mm&r=g","caption":"Kl\u00e1ra Miklasov\u00e1"}}]}},"_links":{"self":[{"href":"https:\/\/www.colours.cz\/en\/wp-json\/wp\/v2\/posts\/19056","targetHints":{"allow":["GET"]}}],"collection":[{"href":"https:\/\/www.colours.cz\/en\/wp-json\/wp\/v2\/posts"}],"about":[{"href":"https:\/\/www.colours.cz\/en\/wp-json\/wp\/v2\/types\/post"}],"author":[{"embeddable":true,"href":"https:\/\/www.colours.cz\/en\/wp-json\/wp\/v2\/users\/15"}],"replies":[{"embeddable":true,"href":"https:\/\/www.colours.cz\/en\/wp-json\/wp\/v2\/comments?post=19056"}],"version-history":[{"count":1,"href":"https:\/\/www.colours.cz\/en\/wp-json\/wp\/v2\/posts\/19056\/revisions"}],"predecessor-version":[{"id":19059,"href":"https:\/\/www.colours.cz\/en\/wp-json\/wp\/v2\/posts\/19056\/revisions\/19059"}],"wp:featuredmedia":[{"embeddable":true,"href":"https:\/\/www.colours.cz\/en\/wp-json\/wp\/v2\/media\/19045"}],"wp:attachment":[{"href":"https:\/\/www.colours.cz\/en\/wp-json\/wp\/v2\/media?parent=19056"}],"wp:term":[{"taxonomy":"category","embeddable":true,"href":"https:\/\/www.colours.cz\/en\/wp-json\/wp\/v2\/categories?post=19056"},{"taxonomy":"post_tag","embeddable":true,"href":"https:\/\/www.colours.cz\/en\/wp-json\/wp\/v2\/tags?post=19056"}],"curies":[{"name":"wp","href":"https:\/\/api.w.org\/{rel}","templated":true}]}}